{"id":81476,"date":"2024-01-04T15:28:19","date_gmt":"2024-01-04T14:28:19","guid":{"rendered":"https:\/\/www.santacroceweb.com\/?p=81476"},"modified":"2024-01-04T15:28:19","modified_gmt":"2024-01-04T14:28:19","slug":"apre-lo-spazio-gioco-in-piazza-degli-studi-utile-a-bambini-e-famiglie","status":"publish","type":"post","link":"https:\/\/www.santacroceweb.com\/index.php\/2024\/01\/04\/apre-lo-spazio-gioco-in-piazza-degli-studi-utile-a-bambini-e-famiglie\/","title":{"rendered":"Apre lo &#8220;Spazio Gioco&#8221; in piazza degli Studi: &#8220;Utile a bambini e famiglie&#8221;"},"content":{"rendered":"<p style=\"text-align: justify;\"><strong>Uno spazio per i bambini<\/strong> da 18 a 36 mesi, un luogo dove vivere relazioni educative, sviluppare le proprie potenzialit\u00e0 e dove venga garantito il diritto all\u2019educazione nel rispetto dell\u2019identit\u00e0 individuale, culturale e religiosa. E\u2019 stato inaugurato questa mattina, alla presenza del sindaco Peppe Dimartino e della Giunta al completo, e di Renato Meli, presidente della Fondazione San Giovanni Battista che gestisce il servizio, lo Spazio Gioco, nei locali di piazza degli Studi.<\/p>\n<p style=\"text-align: justify;\"><strong><img fetchpriority=\"high\" decoding=\"async\" class=\"alignright wp-image-81478 lazyload\" src=\"data:image\/gif;base64,R0lGODlhAQABAAAAACH5BAEKAAEALAAAAAABAAEAAAICTAEAOw==\" data-src=\"https:\/\/www.santacroceweb.com\/giornale1\/wp-content\/uploads\/2024\/01\/taglio-del-nastro.jpeg\" alt=\"\" width=\"350\" height=\"263\" data-sizes=\"auto\" data-srcset=\"https:\/\/www.santacroceweb.com\/giornale1\/wp-content\/uploads\/2024\/01\/taglio-del-nastro.jpeg 2000w, https:\/\/www.santacroceweb.com\/giornale1\/wp-content\/uploads\/2024\/01\/taglio-del-nastro-1536x1152.jpeg 1536w\" sizes=\"(max-width: 350px) 100vw, 350px\" \/>Lo \u201cSpazio Gioco\u201d rappresenta<\/strong> per le famiglie un servizio fondamentale per il rafforzamento delle competenze genitoriali, favorendo la conciliazione tra tempi e impegni familiari e lavorativi ed in particolare per sostenere l\u2019accesso al mercato del lavoro delle donne. \u201cE\u2019 infatti un bell\u2019aiuto anche per le mamme che lavorano ed un progetto su cui abbiamo creduto molto \u2013 ha detto il sindaco Peppe Dimartino \u2013. Tra l\u2019altro proprio qui in piazza degli Studi stiamo realizzando la mensa scolastica, tutte le scuole sono in fase di ristrutturazione e la piazza stessa verr\u00e0 riqualificata. Siamo particolarmente contenti di questo momento perch\u00e9 \u00e8 il primo passo che facciamo in citt\u00e0 in questa direzione. Tra poco, in questo senso, inizieranno i lavori per la realizzazione dell\u2019asilo nido. Voglio ringraziare tutti coloro che hanno permesso la realizzazione di tutto questo\u201d.<\/p>\n<p style=\"text-align: justify;\"><strong>L\u2019ambiente, uno spazio attrezzato<\/strong> con la presenza di personale qualificato, \u00e8 strutturato per favorire il gioco libero e la sperimentazione di attivit\u00e0 che verranno realizzate attraverso laboratori programmati e condotti dagli educatori, finalizzati a promuovere e potenziare la capacit\u00e0 di socializzazione di ogni singolo bambino.<\/p>\n","protected":false},"excerpt":{"rendered":"<p>Uno spazio per i bambini da 18 a 36 mesi, un luogo dove vivere relazioni educative, sviluppare le proprie potenzialit\u00e0 e dove venga garantito il diritto all\u2019educazione nel rispetto dell\u2019identit\u00e0 individuale, culturale e religiosa. E\u2019 stato inaugurato questa mattina, alla presenza del sindaco Peppe Dimartino e della Giunta al completo, e di Renato Meli, presidente [&hellip;]<\/p>\n","protected":false},"author":34,"featured_media":81477,"comment_status":"closed","ping_status":"open","sticky":false,"template":"","format":"standard","meta":{"footnotes":""},"categories":[8],"tags":[1000,139,1347],"class_list":["post-81476","post","type-post","status-publish","format-standard","has-post-thumbnail","hentry","category-attualita","tag-peppe-dimartino","tag-santa-croce-camerina","tag-spazio-gioco"],"_links":{"self":[{"href":"https:\/\/www.santacroceweb.com\/index.php\/wp-json\/wp\/v2\/posts\/81476","targetHints":{"allow":["GET"]}}],"collection":[{"href":"https:\/\/www.santacroceweb.com\/index.php\/wp-json\/wp\/v2\/posts"}],"about":[{"href":"https:\/\/www.santacroceweb.com\/index.php\/wp-json\/wp\/v2\/types\/post"}],"author":[{"embeddable":true,"href":"https:\/\/www.santacroceweb.com\/index.php\/wp-json\/wp\/v2\/users\/34"}],"replies":[{"embeddable":true,"href":"https:\/\/www.santacroceweb.com\/index.php\/wp-json\/wp\/v2\/comments?post=81476"}],"version-history":[{"count":0,"href":"https:\/\/www.santacroceweb.com\/index.php\/wp-json\/wp\/v2\/posts\/81476\/revisions"}],"wp:featuredmedia":[{"embeddable":true,"href":"https:\/\/www.santacroceweb.com\/index.php\/wp-json\/wp\/v2\/media\/81477"}],"wp:attachment":[{"href":"https:\/\/www.santacroceweb.com\/index.php\/wp-json\/wp\/v2\/media?parent=81476"}],"wp:term":[{"taxonomy":"category","embeddable":true,"href":"https:\/\/www.santacroceweb.com\/index.php\/wp-json\/wp\/v2\/categories?post=81476"},{"taxonomy":"post_tag","embeddable":true,"href":"https:\/\/www.santacroceweb.com\/index.php\/wp-json\/wp\/v2\/tags?post=81476"}],"curies":[{"name":"wp","href":"https:\/\/api.w.org\/{rel}","templated":true}]}}