{"id":81510,"date":"2024-01-12T20:04:55","date_gmt":"2024-01-12T19:04:55","guid":{"rendered":"https:\/\/www.santacroceweb.com\/?p=81510"},"modified":"2024-01-12T20:05:25","modified_gmt":"2024-01-12T19:05:25","slug":"stefano-ritrova-la-fede-nuziale-dopo-quasi-11-anni-il-mare-lha-restituita","status":"publish","type":"post","link":"https:\/\/www.santacroceweb.com\/index.php\/2024\/01\/12\/stefano-ritrova-la-fede-nuziale-dopo-quasi-11-anni-il-mare-lha-restituita\/","title":{"rendered":"Stefano ritrova la fede nuziale dopo quasi 11 anni: il mare la restituisce"},"content":{"rendered":"<p style=\"text-align: justify;\"><strong>Dopo quasi undici anni<\/strong> la fede nuziale di Stefano Miccich\u00e9, santacrocese trapiantato a Catania, \u00e8 tornata al dito del legittimo proprietario. La scoperta, nei fondali di Punta Secca, \u00e8 stata di Giovanni Rosa, il custode del porticciolo, che dopo aver rinvenuto l\u2019anello con incisione dettagliata (\u201cDaniela, 8-6-2012\u201d), ha postato un annuncio su Facebook. Stefano, quasi incredulo, ha risposto presente. Daniela, infatti, \u00e8 la moglie.<\/p>\n<figure id=\"attachment_81512\" aria-describedby=\"caption-attachment-81512\" style=\"width: 250px\" class=\"wp-caption alignright\"><img fetchpriority=\"high\" decoding=\"async\" class=\"wp-image-81512 lazyload\" src=\"data:image\/gif;base64,R0lGODlhAQABAAAAACH5BAEKAAEALAAAAAABAAEAAAICTAEAOw==\" data-src=\"https:\/\/www.santacroceweb.com\/giornale1\/wp-content\/uploads\/2024\/01\/stefano-e-daniela.jpg\" alt=\"\" width=\"250\" height=\"431\" \/><figcaption id=\"caption-attachment-81512\" class=\"wp-caption-text\">Stefano Miccich\u00e9 e la moglie Daniela<\/figcaption><\/figure>\n<p style=\"text-align: justify;\"><strong>\u201cMi sono sposato nel 2012<\/strong> \u2013 racconta Miccich\u00e9 al quotidiano Ragusa Oggi &#8211; e penso di aver perso la fede nuziale l\u2019anno successivo, nel 2013\u201d. Era luglio quando Miccich\u00e9, che solitamente trascorre le estati a Punta Secca, va a riparare un gommone, fa il bagno e infine si ritrova con un amico per il classico aperitivo. E\u2019 l\u00ec che si accorge di aver perso la fede nuziale: \u201cIn quel momento \u2013 racconta al sito &#8211; non sapevo se avevo perso la fede mentre ero in moto, mentre riparavo il gommone o mentre ero in mare. Sono rimasto molto male, anche se poi ho riacquistato delle nuove fedi, le ho fatte benedire dal prete che ci aveva sposati e da allora l\u2019ho sempre indossata\u201d.<\/p>\n<p style=\"text-align: justify;\"><strong>A distanza di molti anni<\/strong> l\u2019anello, quasi per incanto, si \u00e8 palesato. Giovanni Rosa, che custodisce scrupolosamente il porticciolo della frazione balneare, ha recuperato il prezioso \u201crelitto\u201d su uno scoglio e alla prima occasione utile lo restituir\u00e0 al legittimo proprietario. Potrebbe essere stata la recente mareggiata a riportarlo a galla. Ci\u00f2 che conta \u00e8 la storia, dal finale romantico e meritato.<\/p>\n","protected":false},"excerpt":{"rendered":"<p>Dopo quasi undici anni la fede nuziale di Stefano Miccich\u00e9, santacrocese trapiantato a Catania, \u00e8 tornata al dito del legittimo proprietario. La scoperta, nei fondali di Punta Secca, \u00e8 stata di Giovanni Rosa, il custode del porticciolo, che dopo aver rinvenuto l\u2019anello con incisione dettagliata (\u201cDaniela, 8-6-2012\u201d), ha postato un annuncio su Facebook. Stefano, quasi [&hellip;]<\/p>\n","protected":false},"author":34,"featured_media":81511,"comment_status":"closed","ping_status":"open","sticky":false,"template":"","format":"standard","meta":{"footnotes":""},"categories":[8],"tags":[1354],"class_list":["post-81510","post","type-post","status-publish","format-standard","has-post-thumbnail","hentry","category-attualita","tag-stefano-micciche"],"_links":{"self":[{"href":"https:\/\/www.santacroceweb.com\/index.php\/wp-json\/wp\/v2\/posts\/81510","targetHints":{"allow":["GET"]}}],"collection":[{"href":"https:\/\/www.santacroceweb.com\/index.php\/wp-json\/wp\/v2\/posts"}],"about":[{"href":"https:\/\/www.santacroceweb.com\/index.php\/wp-json\/wp\/v2\/types\/post"}],"author":[{"embeddable":true,"href":"https:\/\/www.santacroceweb.com\/index.php\/wp-json\/wp\/v2\/users\/34"}],"replies":[{"embeddable":true,"href":"https:\/\/www.santacroceweb.com\/index.php\/wp-json\/wp\/v2\/comments?post=81510"}],"version-history":[{"count":0,"href":"https:\/\/www.santacroceweb.com\/index.php\/wp-json\/wp\/v2\/posts\/81510\/revisions"}],"wp:featuredmedia":[{"embeddable":true,"href":"https:\/\/www.santacroceweb.com\/index.php\/wp-json\/wp\/v2\/media\/81511"}],"wp:attachment":[{"href":"https:\/\/www.santacroceweb.com\/index.php\/wp-json\/wp\/v2\/media?parent=81510"}],"wp:term":[{"taxonomy":"category","embeddable":true,"href":"https:\/\/www.santacroceweb.com\/index.php\/wp-json\/wp\/v2\/categories?post=81510"},{"taxonomy":"post_tag","embeddable":true,"href":"https:\/\/www.santacroceweb.com\/index.php\/wp-json\/wp\/v2\/tags?post=81510"}],"curies":[{"name":"wp","href":"https:\/\/api.w.org\/{rel}","templated":true}]}}