{"id":81620,"date":"2024-02-02T16:16:28","date_gmt":"2024-02-02T15:16:28","guid":{"rendered":"https:\/\/www.santacroceweb.com\/?p=81620"},"modified":"2024-02-09T10:32:51","modified_gmt":"2024-02-09T09:32:51","slug":"dal-lido-di-venezia-a-sanremo-salvatore-cappello-torna-a-pettinare-i-vip","status":"publish","type":"post","link":"https:\/\/www.santacroceweb.com\/index.php\/2024\/02\/02\/dal-lido-di-venezia-a-sanremo-salvatore-cappello-torna-a-pettinare-i-vip\/","title":{"rendered":"Dalla Mostra di Venezia a Sanremo: Cappello torna a pettinare i vip"},"content":{"rendered":"<p style=\"text-align: justify;\"><strong>Non poteva esserci circostanza migliore<\/strong> del Festival della Canzone Italiana, giunto alla 74.esima edizione, per mostrare le proprie abilit\u00e0 di hair stylist. Cos\u00ec, dopo <span style=\"text-decoration: underline;\"><a href=\"https:\/\/www.santacroceweb.com\/index.php\/2023\/09\/04\/venezia-salvo-cappello-e-lhair-stylist-dei-vip-alla-mostra-del-cinema\/\" target=\"_blank\" rel=\"noopener\">l\u2019esperienza esaltante del Lido di Venezia<\/a><\/span>, alla Mostra del Cinema, Salvatore Cappello sar\u00e0 ancora il parrucchiere dei vip. Il 7 e 8 febbraio, infatti, nella splendida localit\u00e0 di Sanremo, torner\u00e0 l\u2019appuntamento con \u201cIl salotto delle celebrit\u00e0\u201d, la Vip lounge esclusiva che accoglier\u00e0 i personaggi del mondo dello spettacolo, impegnati nella citt\u00e0 dei fiori: chi da opinionista, chi da addetto ai lavori. Prima di andare in scena, si concederanno un momento di benessere e relax coi professionisti del settore. Tra cui il parrucchiere santacrocese, che torna sulla scena con \u201cla grande soddisfazione di poter rappresentare anche il mio paese. L\u2019opportunit\u00e0 di poter partecipare a una kermesse nazional-popolare \u2013 dice Cappello \u2013 \u00e8 un\u2019esperienza unica e una ricompensa al lavoro di tutti i giorni. Spero di poter mettere in mostra le mie qualit\u00e0 e utilizzare questo momento per crescere sotto il profilo umano e professionale. E\u2019 bello poter stare insieme a tante persone che condividono l\u2019amore per l\u2019arte e, nel mio caso, per le\u00a0acconciature\u201d.<\/p>\n","protected":false},"excerpt":{"rendered":"<p>Non poteva esserci circostanza migliore del Festival della Canzone Italiana, giunto alla 74.esima edizione, per mostrare le proprie abilit\u00e0 di hair stylist. Cos\u00ec, dopo l\u2019esperienza esaltante del Lido di Venezia, alla Mostra del Cinema, Salvatore Cappello sar\u00e0 ancora il parrucchiere dei vip. Il 7 e 8 febbraio, infatti, nella splendida localit\u00e0 di Sanremo, torner\u00e0 l\u2019appuntamento [&hellip;]<\/p>\n","protected":false},"author":34,"featured_media":81621,"comment_status":"closed","ping_status":"open","sticky":false,"template":"","format":"standard","meta":{"footnotes":""},"categories":[6],"tags":[155],"class_list":["post-81620","post","type-post","status-publish","format-standard","has-post-thumbnail","hentry","category-culturaespettacolo","tag-salvatore-cappello"],"_links":{"self":[{"href":"https:\/\/www.santacroceweb.com\/index.php\/wp-json\/wp\/v2\/posts\/81620","targetHints":{"allow":["GET"]}}],"collection":[{"href":"https:\/\/www.santacroceweb.com\/index.php\/wp-json\/wp\/v2\/posts"}],"about":[{"href":"https:\/\/www.santacroceweb.com\/index.php\/wp-json\/wp\/v2\/types\/post"}],"author":[{"embeddable":true,"href":"https:\/\/www.santacroceweb.com\/index.php\/wp-json\/wp\/v2\/users\/34"}],"replies":[{"embeddable":true,"href":"https:\/\/www.santacroceweb.com\/index.php\/wp-json\/wp\/v2\/comments?post=81620"}],"version-history":[{"count":0,"href":"https:\/\/www.santacroceweb.com\/index.php\/wp-json\/wp\/v2\/posts\/81620\/revisions"}],"wp:featuredmedia":[{"embeddable":true,"href":"https:\/\/www.santacroceweb.com\/index.php\/wp-json\/wp\/v2\/media\/81621"}],"wp:attachment":[{"href":"https:\/\/www.santacroceweb.com\/index.php\/wp-json\/wp\/v2\/media?parent=81620"}],"wp:term":[{"taxonomy":"category","embeddable":true,"href":"https:\/\/www.santacroceweb.com\/index.php\/wp-json\/wp\/v2\/categories?post=81620"},{"taxonomy":"post_tag","embeddable":true,"href":"https:\/\/www.santacroceweb.com\/index.php\/wp-json\/wp\/v2\/tags?post=81620"}],"curies":[{"name":"wp","href":"https:\/\/api.w.org\/{rel}","templated":true}]}}