{"id":81712,"date":"2024-02-24T12:17:41","date_gmt":"2024-02-24T11:17:41","guid":{"rendered":"https:\/\/www.santacroceweb.com\/?p=81712"},"modified":"2024-02-24T12:17:41","modified_gmt":"2024-02-24T11:17:41","slug":"ma-il-sindaco-li-rassicura-continueranno-a-svolgere-le-loro-attivita","status":"publish","type":"post","link":"https:\/\/www.santacroceweb.com\/index.php\/2024\/02\/24\/ma-il-sindaco-li-rassicura-continueranno-a-svolgere-le-loro-attivita\/","title":{"rendered":"Ma il sindaco li rassicura: continueranno a svolgere le loro attivit\u00e0"},"content":{"rendered":"<p style=\"text-align: justify;\"><strong>&#8220;Come abbiamo avuto modo<\/strong> di precisare, nella riunione che abbiamo voluto fortemente, proprio per illustrare a tutti i fruitori del centro le modifiche che verranno fatte, queste non impediranno in alcun modo il regolare svolgimento delle attivit\u00e0 degli anziani. Ci auguriamo che questa non sia, come gi\u00e0 successo in passato, l\u2019ennesima occasione di strumentalizzare a livello politico una questione che nulla ha a che vedere con la politica. Da buoni padri di famiglia, stiamo cercando di ottimizzare il patrimonio immobiliare e dei servizi nell\u2019interesse della citt\u00e0, dell&#8217;intera comunit\u00e0 santacrocese, dagli anziani, ai giovani, ai bambini&#8221;. Lo dice il sindaco di Santa Croce, Peppe Dimartino, <span style=\"text-decoration: underline;\"><a href=\"https:\/\/www.santacroceweb.com\/index.php\/2024\/02\/24\/il-centro-conteso-arrivano-vigili-e-sanitari-gli-anziani-si-sentono-sfrattati\/\" target=\"_blank\" rel=\"noopener\">a seguito della nota<\/a><\/span> del centro diurno Terza Primavera, che esprimeva preoccupazione.<\/p>\n<p style=\"text-align: justify;\"><strong>\u201cNessuno verr\u00e0 sfrattato<\/strong> \u2013 ribadisce il primo cittadino \u2013 gli anziani continueranno a svolgere le loro attivit\u00e0 che, tra l\u2019altro, la nostra Amministrazione ha sempre sostenuto sin dall\u2019inizio, riconoscendo il valore ed il patrimonio inestimabile delle nostre tradizioni e del tessuto cittadino che essi rappresentano. Riconosciamo dunque l\u2019importanza sociale del centro che tuttavia, nell\u2019ottica degli interessi dell&#8217;intera comunit\u00e0, deve anche interfacciarsi con le esigenze che mutano in citt\u00e0&#8221;.<\/p>\n<p style=\"text-align: justify;\"><strong>&#8220;In vista degli imminenti lavori<\/strong> che l\u2019ASP ha in programma nel Poliambulatorio &#8211; prosegue Dimartino -, abbiamo scelto di mettere a disposizione dell\u2019Azienda Sanitaria degli spazi, al fine di impedire che venissero sospesi, o spostati in altri Comuni, indispensabili servizi sanitari di cui la citt\u00e0, cos\u00ec facendo, potr\u00e0 continuare a godere. Riteniamo che questo sia fondamentale e nell\u2019interesse dell&#8217;intera comunit\u00e0. Ma proprio perch\u00e9 non vogliamo in alcun modo limitare le attivit\u00e0 del centro diurno, l&#8217;Amministrazione si sta attivando per ricercare un altro immobile da locare temporaneamente per il collocamento degli altri servizi sanitari. Crediamo fortemente che questa sia una scelta oculata e che faccia gli interessi di tutti i cittadini, senza esclusione, tenendo anche presente che \u00e8 esclusivamente una soluzione temporanea e che i locali verranno liberati non appena terminati i lavori della Casa di Comunit\u00e0. In relazione alla allocazione della sede della Polizia municipale, attualmente in un immobile non dignitoso e per cui il Comune corrisponde un canone di locazione a privati, come gi\u00e0 anticipato, le modifiche si integreranno totalmente e non comporteranno alcuna privazione o riduzione delle attivit\u00e0 del Centro Diurno, quindi i nostri anziani potranno normalmente continuare a svolgere tutte le proprie attivit\u00e0\u201d.<\/p>\n","protected":false},"excerpt":{"rendered":"<p>&#8220;Come abbiamo avuto modo di precisare, nella riunione che abbiamo voluto fortemente, proprio per illustrare a tutti i fruitori del centro le modifiche che verranno fatte, queste non impediranno in alcun modo il regolare svolgimento delle attivit\u00e0 degli anziani. Ci auguriamo che questa non sia, come gi\u00e0 successo in passato, l\u2019ennesima occasione di strumentalizzare a [&hellip;]<\/p>\n","protected":false},"author":34,"featured_media":78987,"comment_status":"closed","ping_status":"open","sticky":false,"template":"","format":"standard","meta":{"footnotes":""},"categories":[4],"tags":[870,1000],"class_list":["post-81712","post","type-post","status-publish","format-standard","has-post-thumbnail","hentry","category-politica","tag-centro-diurno","tag-peppe-dimartino"],"_links":{"self":[{"href":"https:\/\/www.santacroceweb.com\/index.php\/wp-json\/wp\/v2\/posts\/81712","targetHints":{"allow":["GET"]}}],"collection":[{"href":"https:\/\/www.santacroceweb.com\/index.php\/wp-json\/wp\/v2\/posts"}],"about":[{"href":"https:\/\/www.santacroceweb.com\/index.php\/wp-json\/wp\/v2\/types\/post"}],"author":[{"embeddable":true,"href":"https:\/\/www.santacroceweb.com\/index.php\/wp-json\/wp\/v2\/users\/34"}],"replies":[{"embeddable":true,"href":"https:\/\/www.santacroceweb.com\/index.php\/wp-json\/wp\/v2\/comments?post=81712"}],"version-history":[{"count":0,"href":"https:\/\/www.santacroceweb.com\/index.php\/wp-json\/wp\/v2\/posts\/81712\/revisions"}],"wp:featuredmedia":[{"embeddable":true,"href":"https:\/\/www.santacroceweb.com\/index.php\/wp-json\/wp\/v2\/media\/78987"}],"wp:attachment":[{"href":"https:\/\/www.santacroceweb.com\/index.php\/wp-json\/wp\/v2\/media?parent=81712"}],"wp:term":[{"taxonomy":"category","embeddable":true,"href":"https:\/\/www.santacroceweb.com\/index.php\/wp-json\/wp\/v2\/categories?post=81712"},{"taxonomy":"post_tag","embeddable":true,"href":"https:\/\/www.santacroceweb.com\/index.php\/wp-json\/wp\/v2\/tags?post=81712"}],"curies":[{"name":"wp","href":"https:\/\/api.w.org\/{rel}","templated":true}]}}