{"id":81925,"date":"2024-04-28T10:15:13","date_gmt":"2024-04-28T08:15:13","guid":{"rendered":"https:\/\/www.santacroceweb.com\/?p=81925"},"modified":"2024-04-29T20:00:16","modified_gmt":"2024-04-29T18:00:16","slug":"montalbano-mai-dire-mai-degli-esposti-studia-il-ritorno-e-ancora-giovane","status":"publish","type":"post","link":"https:\/\/www.santacroceweb.com\/index.php\/2024\/04\/28\/montalbano-mai-dire-mai-degli-esposti-studia-il-ritorno-e-ancora-giovane\/","title":{"rendered":"&#8220;Montalbano? E&#8217; ancora giovane&#8221;. Carlo Degli Esposti prepara il ritorno"},"content":{"rendered":"<p style=\"text-align: justify;\"><strong>\u00abCi saranno altre stagioni<\/strong> di M\u00e0kari e di Vanina. E Montalbano \u00e8 un titolo giovane\u00bb. Lo ha detto il produttore Carlo Degli Esposti, patron di Palomar, la casa di produzione da cui \u00e8 nata la fortunata serie de \u2018Il Commissario Montalbano\u2019, di cui ricorrono quest\u2019anno i primi 25 anni di vita. Nei giorni scorsi Luca Zingaretti si aggirava nel labirinto del Castello di Donnafugata, dove qualche anno fa si sono celebrate le nozze con Luisa Ranieri. Ma per gli amanti del genere, sono ancora pi\u00f9 significative le parole di Degli Esposti a Repubblica: \u00abNon so esattamente come, ma di certo Montalbano avr\u00e0 degli sviluppi. Far\u00f2 anche qualcosa per il centenario della nascita di Camilleri: sto vedendo altri titoli\u00bb. E alla domanda su cosa sarebbe la Sicilia senza Montalbano, il produttore precisa: \u00abNon potrebbe esistere senza Ragusa\u00bb.<\/p>\n<p style=\"text-align: justify;\"><strong>Dopo aver raccontato<\/strong> la nascita di uno dei prodotti televisivi pi\u00f9 seguiti di sempre (merito di un incontro quasi fortuito con Elvira Sellerio), Degli Esposti prosegue nella sua disamina sui primi 25 anni: \u00ab\u00c8 la dimostrazione che un prodotto ben fatto \u00e8 longevo, se non immortale\u00bb. Un altro superpotere di Montalbano \u00e8 \u201cil pellegrinaggio\u201d dei turisti nei luoghi della fiction. \u00abPer il primo Montalbano facevamo base in un albergo che era l\u2019ultimo del lungomare di Marina di Ragusa. Ora \u00e8 a met\u00e0 del lungomare: la ricezione turistica \u00e8 pi\u00f9 che raddoppiata. Montalbano \u00e8 stato venduto in pi\u00f9 di 60 paesi\u00bb.<\/p>\n<p><span style=\"text-decoration: underline;\"><a href=\"https:\/\/palermo.repubblica.it\/societa\/2024\/04\/28\/news\/il_produttore_carlo_degli_esposti_montalbano_avra_un_seguito_poi_una_serie_sul_bandito_salvatore_giuliano-422749212\/\" target=\"_blank\" rel=\"noopener\">Leggi l&#8217;intervista completa su Repubblica Palermo<\/a><\/span><\/p>\n","protected":false},"excerpt":{"rendered":"<p>\u00abCi saranno altre stagioni di M\u00e0kari e di Vanina. E Montalbano \u00e8 un titolo giovane\u00bb. Lo ha detto il produttore Carlo Degli Esposti, patron di Palomar, la casa di produzione da cui \u00e8 nata la fortunata serie de \u2018Il Commissario Montalbano\u2019, di cui ricorrono quest\u2019anno i primi 25 anni di vita. Nei giorni scorsi Luca [&hellip;]<\/p>\n","protected":false},"author":34,"featured_media":63728,"comment_status":"closed","ping_status":"open","sticky":false,"template":"","format":"standard","meta":{"footnotes":""},"categories":[6],"tags":[629,1390,143],"class_list":["post-81925","post","type-post","status-publish","format-standard","has-post-thumbnail","hentry","category-culturaespettacolo","tag-luca-zingaretti","tag-montalbano","tag-punta-secca"],"_links":{"self":[{"href":"https:\/\/www.santacroceweb.com\/index.php\/wp-json\/wp\/v2\/posts\/81925","targetHints":{"allow":["GET"]}}],"collection":[{"href":"https:\/\/www.santacroceweb.com\/index.php\/wp-json\/wp\/v2\/posts"}],"about":[{"href":"https:\/\/www.santacroceweb.com\/index.php\/wp-json\/wp\/v2\/types\/post"}],"author":[{"embeddable":true,"href":"https:\/\/www.santacroceweb.com\/index.php\/wp-json\/wp\/v2\/users\/34"}],"replies":[{"embeddable":true,"href":"https:\/\/www.santacroceweb.com\/index.php\/wp-json\/wp\/v2\/comments?post=81925"}],"version-history":[{"count":0,"href":"https:\/\/www.santacroceweb.com\/index.php\/wp-json\/wp\/v2\/posts\/81925\/revisions"}],"wp:featuredmedia":[{"embeddable":true,"href":"https:\/\/www.santacroceweb.com\/index.php\/wp-json\/wp\/v2\/media\/63728"}],"wp:attachment":[{"href":"https:\/\/www.santacroceweb.com\/index.php\/wp-json\/wp\/v2\/media?parent=81925"}],"wp:term":[{"taxonomy":"category","embeddable":true,"href":"https:\/\/www.santacroceweb.com\/index.php\/wp-json\/wp\/v2\/categories?post=81925"},{"taxonomy":"post_tag","embeddable":true,"href":"https:\/\/www.santacroceweb.com\/index.php\/wp-json\/wp\/v2\/tags?post=81925"}],"curies":[{"name":"wp","href":"https:\/\/api.w.org\/{rel}","templated":true}]}}