{"id":81992,"date":"2024-05-21T11:23:45","date_gmt":"2024-05-21T09:23:45","guid":{"rendered":"https:\/\/www.santacroceweb.com\/?p=81992"},"modified":"2024-05-24T10:30:15","modified_gmt":"2024-05-24T08:30:15","slug":"i-vigili-urbani-di-s-croce-utili-se-non-li-cerchi-la-nota-in-redazione","status":"publish","type":"post","link":"https:\/\/www.santacroceweb.com\/index.php\/2024\/05\/21\/i-vigili-urbani-di-s-croce-utili-se-non-li-cerchi-la-nota-in-redazione\/","title":{"rendered":"&#8220;Hanno minacciato mio padre. I vigili di S.Croce? Utili se non li cerchi&#8221;"},"content":{"rendered":"<p style=\"text-align: justify;\"><strong>Una lettera indirizzata<\/strong> al sindaco di Santa Croce, e per conoscenza a Santa Croce Web, con l&#8217;obiettivo di denunciare un&#8217;omissione della Polizia Municipale, rea di non essere intervenuta a seguito di un&#8217;aggressione verbale, che sarebbe potuta diventare qualcosa di peggio (&#8220;un&#8217;aggressione fisica e successiva esecuzione con arma da fuoco&#8221;). L&#8217;episodio, ai danni del padre, si sarebbe verificato lo scorso 20 aprile nel quartiere ex Finaiti di Casuzze. La nota porta la firma del signor Luca N. La redazione sin d&#8217;ora si rende disponibile a ospitare la replica dei diretti interessati, qualora abbiano da segnalare la propria versione dei fatti. Segue il testo integrale della missiva.<\/p>\n<p style=\"text-align: justify;\"><em>Gentile sig. Sindaco,<\/em><br \/>\n<em> ho piacere ad informarla in merito ad un fatto accaduto nel suo (nostro) territorio comunale, ove Lei, amministratore vigile quotidianamente spende tempo, risorse e uomini per migliorare i servizi.<\/em><br \/>\n<em> Premetto di essere un contribuente del comune di S.C.Camerina, e soprattutto persona attenta al rispetto delle regole.<\/em><br \/>\n<em> Scrivo da figlio di una persona per bene che, recandosi nella sua propriet\u00e0 (lotto di terreno ben recintato nel quartiere ex Finaiti di Casuzze) era intento ad estirpare le erbacce a mani nude e con l&#8217;ausilio dell&#8217;attrezzatura a ci\u00f2 preposta negli orari previsti dal regolamento comunale. La manutenzione regolarmente svolta per dovere morale ed a beneficio del decoro urbano quel giorno gli \u00e8 costata una minaccia di morte!<\/em><br \/>\n<em> Intorno alle 17 di sabato 20 Aprile 2024, i rumori derivanti dalle attrezzature sopra citate hanno infastidito un gentile vicino di casa a tal punto da prospettargli un&#8217;aggressione fisica e successiva esecuzione con arma da fuoco.<\/em><br \/>\n<em> Fatti gi\u00e0 di per s\u00e8 gravi, ma ancora di pi\u00f9 lo \u00e8 che le autorit\u00e0 sollecitate (vigili urbani di S.C.Camerina) non abbiano ritenuto opportuno intervenire prontamente a sedare l&#8217;ira funesta del buon vicino, accampando improbabili giustificazioni.<\/em><br \/>\n<em> Dopo pi\u00f9 sollecitazioni d&#8217;intervento cadute nel vuoto, colui il quale si presentava telefonicamente come il Tenente dei Vigili Urbani di S.C.Camerina, invitava mio padre ad interrompere le operazioni di pulizia del lotto (cit. &#8220;togliere l&#8217;occasione&#8221;) andar via e tornare nei giorni successivi nella speranza di non incontrare lo sceriffo di quartiere.<\/em><br \/>\n<em> Mio padre, assistito da altri abitanti del quartiere sopraggiunti alle urla e minacce udite, sgomento e attonito non ha potuto fare altro che andare via e rinunciare cos\u00ec ad un suo diritto.<\/em><br \/>\n<em> Pu\u00f2 essere questa la soluzione suggerita da un rappresentante di pubblica sicurezza?<\/em><br \/>\n<em> Pu\u00f2 prendersi con leggerezza una segnalazione del genere?<\/em><br \/>\n<em> Dobbiamo forse riprendere bastoni e forconi per difendere i propri diritti?<\/em><br \/>\n<em> No di certo.<\/em><br \/>\n<em> A questo punto caro Sindaco, la mia proposta \u00e8 quella di abolire il corpo dei Vigili Urbani presso il Suo comune, considerata l&#8217;inefficienza e l&#8217;incompetenza, e di investire in altro modo le risorse a loro destinate.<\/em><br \/>\n<em> Lasciate difendere i cittadini a chi ne ha la competenza, non \u00e8 una divisa a renderli eroi.<\/em><br \/>\n<em> Ci tengo a sottolineare che pi\u00f9 volte ho provato a contattare i vigili privatamente per chiarire quanto accaduto, e confrontarmi con il &#8220;famigerato&#8221; Tenente, ma &#8220;ovviamente&#8221; ad oggi non ho ricevuto risposta.<\/em><br \/>\n<em> Siamo nel 2024 non si pu\u00f2 essere aggrediti verbalmente e fisicamente e ricevere minacce di morte, e non essere in alcun modo tutelati da parte di chi \u00e8 preposto e pagato per farlo.<\/em><br \/>\n<em> Scrivete anche questo sui social caro Sindaco, vista la vostra propensione ad utilizzarli.<\/em><br \/>\n<em> Cordialmente, Luca.<\/em><br \/>\n<em> Figlio di un contribuente libero, ma ahim\u00e8 non tutelato.<\/em><\/p>\n","protected":false},"excerpt":{"rendered":"<p>Una lettera indirizzata al sindaco di Santa Croce, e per conoscenza a Santa Croce Web, con l&#8217;obiettivo di denunciare un&#8217;omissione della Polizia Municipale, rea di non essere intervenuta a seguito di un&#8217;aggressione verbale, che sarebbe potuta diventare qualcosa di peggio (&#8220;un&#8217;aggressione fisica e successiva esecuzione con arma da fuoco&#8221;). L&#8217;episodio, ai danni del padre, si [&hellip;]<\/p>\n","protected":false},"author":34,"featured_media":72135,"comment_status":"closed","ping_status":"open","sticky":false,"template":"","format":"standard","meta":{"footnotes":""},"categories":[7],"tags":[],"class_list":["post-81992","post","type-post","status-publish","format-standard","has-post-thumbnail","hentry","category-cronaca"],"_links":{"self":[{"href":"https:\/\/www.santacroceweb.com\/index.php\/wp-json\/wp\/v2\/posts\/81992","targetHints":{"allow":["GET"]}}],"collection":[{"href":"https:\/\/www.santacroceweb.com\/index.php\/wp-json\/wp\/v2\/posts"}],"about":[{"href":"https:\/\/www.santacroceweb.com\/index.php\/wp-json\/wp\/v2\/types\/post"}],"author":[{"embeddable":true,"href":"https:\/\/www.santacroceweb.com\/index.php\/wp-json\/wp\/v2\/users\/34"}],"replies":[{"embeddable":true,"href":"https:\/\/www.santacroceweb.com\/index.php\/wp-json\/wp\/v2\/comments?post=81992"}],"version-history":[{"count":0,"href":"https:\/\/www.santacroceweb.com\/index.php\/wp-json\/wp\/v2\/posts\/81992\/revisions"}],"wp:featuredmedia":[{"embeddable":true,"href":"https:\/\/www.santacroceweb.com\/index.php\/wp-json\/wp\/v2\/media\/72135"}],"wp:attachment":[{"href":"https:\/\/www.santacroceweb.com\/index.php\/wp-json\/wp\/v2\/media?parent=81992"}],"wp:term":[{"taxonomy":"category","embeddable":true,"href":"https:\/\/www.santacroceweb.com\/index.php\/wp-json\/wp\/v2\/categories?post=81992"},{"taxonomy":"post_tag","embeddable":true,"href":"https:\/\/www.santacroceweb.com\/index.php\/wp-json\/wp\/v2\/tags?post=81992"}],"curies":[{"name":"wp","href":"https:\/\/api.w.org\/{rel}","templated":true}]}}