{"id":82013,"date":"2024-05-23T18:58:12","date_gmt":"2024-05-23T16:58:12","guid":{"rendered":"https:\/\/www.santacroceweb.com\/?p=82013"},"modified":"2024-05-25T09:01:06","modified_gmt":"2024-05-25T07:01:06","slug":"ragusani-nel-mondo-compie-29-anni-la-premiazione-il-27-luglio","status":"publish","type":"post","link":"https:\/\/www.santacroceweb.com\/index.php\/2024\/05\/23\/ragusani-nel-mondo-compie-29-anni-la-premiazione-il-27-luglio\/","title":{"rendered":"&#8220;Ragusani nel mondo&#8221; compie 29 anni: la premiazione il 27 luglio"},"content":{"rendered":"<p style=\"text-align: justify;\"><strong>E\u2019 gi\u00e0 conto alla rovescia<\/strong> per la prossima edizione del &#8220;Premio Ragusani nel Mondo&#8221;. E\u2019 la 29esima edizione ed \u00e8 in programma il prossimo 27 luglio in piazza Libert\u00e0 a Ragusa. Come sempre il comitato organizzatore ha gi\u00e0 scelto sei nuovi premiati ma con un occhio attento anche alle novit\u00e0 emerse nelle ultime settimane. Come spiega il direttore dell\u2019associazione \u201cRagusani nel mondo\u201d, Sebastiano D\u2019Angelo, \u201cnon \u00e8 stato semplice come sempre selezionare le nuove storie umane e professionali da proporre alla ribalta del Premio, posto che, data l\u2019enorme popolarit\u00e0 di cui gode l\u2019evento, sono in tanti a proporre, suggerire e segnalare profili di interesse, sia dal mondo delle istituzioni, della stampa, che dai privati cittadini\u201d. Presieduta da Salvatore Brinch e con past presidente l\u2019on. Franco Antoci, l\u2019associazione \u201cRagusani nel mondo\u201d continua la sua mission di valorizzazione della ragusanit\u00e0. E lo fa anche con il premio, ormai proiettato verso il prestigioso traguardo del trentennale, che ne fa un evento quasi unico in Sicilia e in Italia, ammirato fuori dei confini locali, ed assurto non di rado ad icona identificativa della comunita\u2019 iblea in tutto il mondo, per la sua indiscussa valenza culturale e sociale, non disgiunta dalla proposizione di momenti di spettacolo che hanno segnato la lunga epopea della manifestazione.<\/p>\n<p style=\"text-align: justify;\"><strong>Era il 1995 quando<\/strong> per la prima volta venne ideato il Premio, tendente a promuovere in origine profili affermati di emigrati. Da allora ha cambiato progressivamente pelle e mission, per assurgere a vetrina che segnala e racconta storie, anche locali, che onorano la nostra provincia , fino ad affermarsi negli anni recenti come la giornata \u201cdell\u2019orgoglio ibleo\u201d in Italia e nel Mondo. Largamente atteso dall\u2019opinione pubblica popolare, anche quest\u2019anno, sia pure nel solco della continuit\u00e0 con il passato, vi saranno elementi che attireranno la curiosit\u00e0 e l\u2019interesse delle migliaia di appassionati che assisteranno in diretta in Piazza Libert\u00e0 o lo seguiranno sui social e sui media televisivi e della carta stampata.<\/p>\n<p style=\"text-align: justify;\"><strong>\u201cAnzitutto lo spessore professionale<\/strong> dei premiati, tra i piu\u2019 alti di sempre, i cui nominativi verranno svelati luned\u00ec prossimo alle ore 11 nel corso di una conferenza stampa che si svolger\u00e0 all\u2019ex chiesa della Badia &#8211; spiega ancora il direttore Sebastiano D\u2019Angelo &#8211; E poi ci saranno presenze al massimo livello del mondo dell\u2019Associazionismo d\u2019Emigrazione a livello nazionale, con il Direttivo dell\u2019U.N.A.I.E. ( Unione Nazionale Associazione Immigrazione e Emigrazione ) che per la prima volta nella sua storia si riunir\u00e0 a Ragusa nei giorni antecedenti, segno del credito di cui gode l\u2019Associazione in campo nazionale. Un invito particolare \u00e8 stato inoltrato al Ministro Antonio Taiani, Vice Presidente del Consiglio, nella sua qualit\u00e0 di Delegato alle Politiche degli Italiani nel Mondo, sia da parte dell\u2019Associazione che da parte del pres. dell\u2019U.N.A.I.E. Oscar Da Bona. Lo stesso Ministro, compatibilmente con i suoi impegni istituzionali, ha assicurato che far\u00e0 il massimo per portare il suo saluto la sera del 27 luglio in Piazza Libert\u00e0. Numerosi i momenti di spettacolo che entusiasmeranno i presenti, fra cui il ritorno alla ribalta di Piazza Libert\u00e0 di Lorenzo Licitra, fresco interprete del ruolo di Gesu\u2019 nel musical Jesus Christ Superstar, e protagonista dello show televisivo Tale e Quale Show, l\u2019Orchestra di Peppe Arezzo con tante novit\u00e0, e, dulcis in fundo, un concerto del mitico gruppo dei Cugini di Campagna, che ancora richiama le folle delle grandi occasioni. Un evento che coniuga cultura, socialit\u00e0, spettacolo, che ha segnato nel corso dell\u2019ultimo trentennio una bella pagina di storia iblea, che riesce sempre a stupire e che mostra una straordinaria resilienza e un forte e inossidabile radicamento nell\u2019opinione pubblica iblea, con la capacit\u00e0 di adattarsi al mutamento dei tempi. Un evento che non teme confronti sul piano locale, e che si accompagna anche ad una forte promozione turistica del territorio ibleo, seguito sui media da quasi mezzo milione di spettatori e appassionati, come certificato dai dati auditel e social dell\u2019ultima edizione\u201d, conclude il direttore D\u2019Angelo.<\/p>\n","protected":false},"excerpt":{"rendered":"<p>E\u2019 gi\u00e0 conto alla rovescia per la prossima edizione del &#8220;Premio Ragusani nel Mondo&#8221;. E\u2019 la 29esima edizione ed \u00e8 in programma il prossimo 27 luglio in piazza Libert\u00e0 a Ragusa. Come sempre il comitato organizzatore ha gi\u00e0 scelto sei nuovi premiati ma con un occhio attento anche alle novit\u00e0 emerse nelle ultime settimane. Come [&hellip;]<\/p>\n","protected":false},"author":34,"featured_media":82014,"comment_status":"closed","ping_status":"open","sticky":false,"template":"","format":"standard","meta":{"footnotes":""},"categories":[6],"tags":[1398],"class_list":["post-82013","post","type-post","status-publish","format-standard","has-post-thumbnail","hentry","category-culturaespettacolo","tag-ragusani-nel-mondo"],"_links":{"self":[{"href":"https:\/\/www.santacroceweb.com\/index.php\/wp-json\/wp\/v2\/posts\/82013","targetHints":{"allow":["GET"]}}],"collection":[{"href":"https:\/\/www.santacroceweb.com\/index.php\/wp-json\/wp\/v2\/posts"}],"about":[{"href":"https:\/\/www.santacroceweb.com\/index.php\/wp-json\/wp\/v2\/types\/post"}],"author":[{"embeddable":true,"href":"https:\/\/www.santacroceweb.com\/index.php\/wp-json\/wp\/v2\/users\/34"}],"replies":[{"embeddable":true,"href":"https:\/\/www.santacroceweb.com\/index.php\/wp-json\/wp\/v2\/comments?post=82013"}],"version-history":[{"count":0,"href":"https:\/\/www.santacroceweb.com\/index.php\/wp-json\/wp\/v2\/posts\/82013\/revisions"}],"wp:featuredmedia":[{"embeddable":true,"href":"https:\/\/www.santacroceweb.com\/index.php\/wp-json\/wp\/v2\/media\/82014"}],"wp:attachment":[{"href":"https:\/\/www.santacroceweb.com\/index.php\/wp-json\/wp\/v2\/media?parent=82013"}],"wp:term":[{"taxonomy":"category","embeddable":true,"href":"https:\/\/www.santacroceweb.com\/index.php\/wp-json\/wp\/v2\/categories?post=82013"},{"taxonomy":"post_tag","embeddable":true,"href":"https:\/\/www.santacroceweb.com\/index.php\/wp-json\/wp\/v2\/tags?post=82013"}],"curies":[{"name":"wp","href":"https:\/\/api.w.org\/{rel}","templated":true}]}}