{"id":82059,"date":"2024-06-04T18:35:49","date_gmt":"2024-06-04T16:35:49","guid":{"rendered":"https:\/\/www.santacroceweb.com\/?p=82059"},"modified":"2024-06-04T18:35:49","modified_gmt":"2024-06-04T16:35:49","slug":"un-santacrocese-fra-i-ragusani-nel-mondo-e-un-ingegnere-biomedico","status":"publish","type":"post","link":"https:\/\/www.santacroceweb.com\/index.php\/2024\/06\/04\/un-santacrocese-fra-i-ragusani-nel-mondo-e-un-ingegnere-biomedico\/","title":{"rendered":"Un santacrocese fra i &#8220;Ragusani nel mondo&#8221;: \u00e8 un ingegnere biomedico"},"content":{"rendered":"<p style=\"text-align: justify;\"><strong>Saranno sei le storie<\/strong> che quest\u2019anno connoteranno la 29esima edizione del \u201cPremio Ragusani nel Mondo\u201d in programma il prossimo 27 luglio in piazza Libert\u00e0, pronto a celebrare, nuovamente, le eccellenze ragusane che si sono distinte a livello nazionale e internazionale.<\/p>\n<p style=\"text-align: justify;\">Ricche di varie sfaccettature umane e professionali le storie dei premiati. Sul palco ci sar\u00e0 <strong>Guglielmo Iozzia<\/strong>, originario di Santa Croce Camerina, ingegnere biomedico nato a Ragusa il 17 maggio 1969. Laureato a Bologna, ha una specializzazione in software diagnostico e dispositivi medici. Dopo esperienze professionali in aziende come IBM e FAO, dal 2019 \u00e8 direttore associato presso Merck, azienda farmaceutica statunitense. Risiede in Irlanda ma lavora su progetti internazionali, specialmente nel campo dell&#8217;Intelligenza Artificiale applicata alla ricerca di vaccini.<\/p>\n<p style=\"text-align: justify;\">In ambito medico anche altri due premiati. <strong>Orazio Caffo<\/strong>, nato a Modica, rinomato chirurgo italiano. Laureatosi in Medicina e Chirurgia a soli 23 anni con il massimo dei voti a Catania, si \u00e8 specializzato in oncologia clinica presso l&#8217;Universit\u00e0 degli Studi di Parma. Ha contribuito alla creazione dell&#8217;unit\u00e0 operativa di Oncologia Medica nell\u2019Ospedale Santa Chiara di Trento, dove attualmente ricopre il ruolo di direttore di struttura complessa. \u00c8 coordinatore della rete oncologica della Provincia Autonoma di Trento e docente universitario a Verona. Autore di oltre 200 pubblicazioni scientifiche, \u00e8 considerato un esperto di patologie prostatiche a livello italiano e internazionale.<\/p>\n<p style=\"text-align: justify;\">Il terzo premiato in ambito medico \u00e8 <strong>Ignazio Tasca<\/strong>, nato e cresciuto a Scicli, noto medico chirurgo specializzato in otorinolaringoiatria e patologia cervico-facciale. Laureato all\u2019Universit\u00e0 di Bologna, si \u00e8 distinto per le sue competenze nella chirurgia del naso, della laringe e della tiroide. Attualmente, \u00e8 direttore dell\u2019Unit\u00e0 Operativa Complessa di Otorinolaringoiatria dell&#8217;Ausl di Imola. Ha organizzato numerosi corsi e congressi internazionali sulla chirurgia del naso ed \u00e8 autore di diverse pubblicazioni scientifiche. Tasca ha ricevuto riconoscimenti nazionali ed internazionali e fa parte di diverse societ\u00e0 mediche, tra cui la Societ\u00e0 Italiana di Otorinolaringoiatria e Chirurgia Cervico Facciale.<\/p>\n<p style=\"text-align: justify;\">Una donna dall\u2019importante carriera manageriale, sar\u00e0 tra i premiati di questa edizione. Si tratta di <strong>Corinna Carbone<\/strong>, originaria di Ragusa, ha costruito una carriera di successo nel settore delle risorse umane, partendo dai primi passi nella comunicazione e giornalismo per poi approdare all&#8217;ENI a Milano. Dopo un periodo in Olanda, si \u00e8 trasferita negli Stati Uniti, dove ha consolidato la sua esperienza, ottenendo ruoli di alto livello nella gestione del personale. Attualmente, \u00e8 responsabile delle risorse umane in un&#8217;azienda statunitense attiva nel settore della sostenibilit\u00e0 ambientale. La sua passione per il successo delle persone e il suo impegno nel supportare i giovani sono evidenti nella sua attivit\u00e0 professionale e nei suoi interventi come speaker ad eventi del settore. Corinna ha recentemente ricevuto un prestigioso premio come uno dei migliori 100 HR leader negli Stati Uniti.<\/p>\n<p style=\"text-align: justify;\">Sul palco salir\u00e0 anche uno dei sociologi italiani pi\u00f9 famosi a livello mediatico. Si tratta di <strong>Antonio Noto<\/strong>, nato a Napoli ma con radici chiaramontane, rinomato sociologo e sondaggista. Laureato all&#8217;Universit\u00e0 di Napoli, si \u00e8 distinto nel settore delle ricerche di mercato e dei sondaggi di opinione. \u00c8 noto per le sue collaborazioni con importanti programmi televisivi e giornali nazionali, tra cui &#8220;Porta a Porta&#8221; su Rai Uno e &#8220;La Repubblica&#8221;. Fondatore e direttore della societ\u00e0 &#8220;Noto Sondaggi&#8221;, \u00e8 autore di diverse pubblicazioni e ha ricevuto riconoscimenti accademici per il suo contributo nel campo della sociologia e delle analisi politiche.<\/p>\n<p style=\"text-align: justify;\">Infine il premio speciale dedicato alle aziende del territorio che quest\u2019anno sar\u00e0 attribuito ad <strong>Argo Software<\/strong>, fondata nel 1990 a Ragusa, leader nella progettazione di soluzioni informatiche per il settore scolastico. Con oltre 4500 scuole italiane che utilizzano i suoi sistemi gestionali, l&#8217;azienda si distingue per la qualit\u00e0, l&#8217;ergonomia e la semplicit\u00e0 d&#8217;uso dei suoi prodotti. Recentemente ha lanciato &#8220;Campus Argo&#8221;, una piattaforma di e-learning per la formazione dei docenti, e un sistema di conservazione a norma di documenti digitali.<\/p>\n<p style=\"text-align: justify;\">Ma le sorprese non finiscono qui. In accordo con le rispettive famiglie, sono stati annunciati due particolari riconoscimenti che saranno consegnati alla memoria dell\u2019artista ragusano <strong>Franco Cilia<\/strong> e del noto fotografo <strong>Peppino Leone<\/strong> entrambi recentemente scomparsi lasciando un enorme vuoto nella comunit\u00e0.<\/p>\n<p style=\"text-align: justify;\">Durante la serata si alterneranno sul palco vari ospiti tra cui i <strong>Cugini di Campagna<\/strong> che dopo le premiazioni terranno un vero e proprio concerto aperto a tutti. Ci sar\u00e0 anche il giovane cantante <strong>Lorenzo Licitra<\/strong>, noto per la sua partecipazione a &#8220;Tale e Quale Show&#8221; e il ruolo centrale di Ges\u00f9 nel musical &#8220;Jesus Christ Superstar&#8221;.<\/p>\n<p style=\"text-align: justify;\"><strong>Sebastiano D\u2019Angelo<\/strong>, direttore dell\u2019associazione e curatore del premio ricorda che \u201cla manifestazione si conferma un appuntamento imprescindibile per la comunit\u00e0 iblea, capace di coniugare cultura, spettacolo e promozione del territorio. Con una storia di quasi trent&#8217;anni, l&#8217;evento continua a valorizzare le eccellenze ragusane, proiettandole su un palcoscenico internazionale. La 29esima edizione promette di essere un evento memorabile, capace di attrarre l&#8217;attenzione di migliaia di spettatori, sia in piazza che attraverso i media e i social network\u201d.<\/p>\n<p><img fetchpriority=\"high\" decoding=\"async\" class=\"alignright size-full wp-image-82060 lazyload\" src=\"data:image\/gif;base64,R0lGODlhAQABAAAAACH5BAEKAAEALAAAAAABAAEAAAICTAEAOw==\" data-src=\"https:\/\/www.santacroceweb.com\/giornale1\/wp-content\/uploads\/2024\/06\/Composit-Premiati-2024-scaled.jpg\" alt=\"\" width=\"2560\" height=\"2560\" data-sizes=\"auto\" data-srcset=\"https:\/\/www.santacroceweb.com\/giornale1\/wp-content\/uploads\/2024\/06\/Composit-Premiati-2024-scaled.jpg 2560w, https:\/\/www.santacroceweb.com\/giornale1\/wp-content\/uploads\/2024\/06\/Composit-Premiati-2024-150x150.jpg 150w, https:\/\/www.santacroceweb.com\/giornale1\/wp-content\/uploads\/2024\/06\/Composit-Premiati-2024-1536x1536.jpg 1536w, https:\/\/www.santacroceweb.com\/giornale1\/wp-content\/uploads\/2024\/06\/Composit-Premiati-2024-2048x2048.jpg 2048w\" sizes=\"(max-width: 2560px) 100vw, 2560px\" \/><\/p>\n","protected":false},"excerpt":{"rendered":"<p>Saranno sei le storie che quest\u2019anno connoteranno la 29esima edizione del \u201cPremio Ragusani nel Mondo\u201d in programma il prossimo 27 luglio in piazza Libert\u00e0, pronto a celebrare, nuovamente, le eccellenze ragusane che si sono distinte a livello nazionale e internazionale. Ricche di varie sfaccettature umane e professionali le storie dei premiati. Sul palco ci sar\u00e0 [&hellip;]<\/p>\n","protected":false},"author":34,"featured_media":82061,"comment_status":"closed","ping_status":"open","sticky":false,"template":"","format":"standard","meta":{"footnotes":""},"categories":[6],"tags":[1152,1398,1401],"class_list":["post-82059","post","type-post","status-publish","format-standard","has-post-thumbnail","hentry","category-culturaespettacolo","tag-guglielmo-iozzia","tag-ragusani-nel-mondo","tag-sebastiano-dangelo"],"_links":{"self":[{"href":"https:\/\/www.santacroceweb.com\/index.php\/wp-json\/wp\/v2\/posts\/82059","targetHints":{"allow":["GET"]}}],"collection":[{"href":"https:\/\/www.santacroceweb.com\/index.php\/wp-json\/wp\/v2\/posts"}],"about":[{"href":"https:\/\/www.santacroceweb.com\/index.php\/wp-json\/wp\/v2\/types\/post"}],"author":[{"embeddable":true,"href":"https:\/\/www.santacroceweb.com\/index.php\/wp-json\/wp\/v2\/users\/34"}],"replies":[{"embeddable":true,"href":"https:\/\/www.santacroceweb.com\/index.php\/wp-json\/wp\/v2\/comments?post=82059"}],"version-history":[{"count":0,"href":"https:\/\/www.santacroceweb.com\/index.php\/wp-json\/wp\/v2\/posts\/82059\/revisions"}],"wp:featuredmedia":[{"embeddable":true,"href":"https:\/\/www.santacroceweb.com\/index.php\/wp-json\/wp\/v2\/media\/82061"}],"wp:attachment":[{"href":"https:\/\/www.santacroceweb.com\/index.php\/wp-json\/wp\/v2\/media?parent=82059"}],"wp:term":[{"taxonomy":"category","embeddable":true,"href":"https:\/\/www.santacroceweb.com\/index.php\/wp-json\/wp\/v2\/categories?post=82059"},{"taxonomy":"post_tag","embeddable":true,"href":"https:\/\/www.santacroceweb.com\/index.php\/wp-json\/wp\/v2\/tags?post=82059"}],"curies":[{"name":"wp","href":"https:\/\/api.w.org\/{rel}","templated":true}]}}