{"id":82216,"date":"2024-07-27T18:15:39","date_gmt":"2024-07-27T16:15:39","guid":{"rendered":"https:\/\/www.santacroceweb.com\/?p=82216"},"modified":"2024-07-27T19:11:28","modified_gmt":"2024-07-27T17:11:28","slug":"insieme-sicurezza-gestione-idrica-e-servizi-estivi-finora-zero-risultati","status":"publish","type":"post","link":"https:\/\/www.santacroceweb.com\/index.php\/2024\/07\/27\/insieme-sicurezza-gestione-idrica-e-servizi-estivi-finora-zero-risultati\/","title":{"rendered":"Insieme: &#8220;Sicurezza, parcheggi e servizio idrico: zero risultati&#8221;"},"content":{"rendered":"<p style=\"text-align: justify;\"><strong>\u201cIl nostro giudizio sulla relazione<\/strong> annuale del sindaco \u00e8 totalmente negativo\u201d. Lo dicono i consiglieri comunali del gruppo \u201cInsieme per Santa Croce\u201d, all\u2019indomani della seduta del Consiglio comunale in cui il primo cittadino ha illustrato <span style=\"text-decoration: underline;\"><a href=\"https:\/\/www.santacroceweb.com\/index.php\/2024\/07\/26\/successo-o-fallimento-la-relazione-annuale-del-sindaco-divide-il-consiglio\/\" target=\"_blank\" rel=\"noopener\">i risultati raggiunti<\/a><\/span> nel secondo anno di Amministrazione Dimartino. \u201cSiamo fermi alle opere pubbliche lasciate in eredit\u00e0 da chi c\u2019era prima \u2013 spiegano i rappresentanti dell\u2019opposizione \u2013, a qualche verbo coniugato al futuro e allo scarso impegno registrato su tematiche di primario interesse per la citt\u00e0, come la sicurezza, la gestione del servizio idrico e le politiche per l\u2019ambiente. Su questi fronti, il sindaco e la giunta sono a corto d\u2019idee. Sulle opere pubbliche, invece, stanno beneficiando degli enormi investimenti a valere sul PNRR. Si stanno, cio\u00e8, limitando alla gestione dell\u2019ordinario\u201d.<\/p>\n<p style=\"text-align: justify;\"><strong>\u201cSiamo di fronte a una giunta<\/strong> che, nel corso del primo biennio, \u00e8 stata costretta a rivedere punti qualificanti del proprio programma elettorale perch\u00e9 rivelatisi inadeguati, e che cerca di nascondere i suoi limiti di visione e di pianificazione utilizzando lo strumento della propaganda mediatica. C\u2019\u00e8 un motto che dice: \u2018Non conta quello che uno ha fatto, conta piuttosto quel che \u00e8 riuscito a far credere alla gente di aver fatto\u2019. Questo motto \u2013 sostengono i consiglieri &#8211; \u00e8 incarnato alla perfezione dal sindaco, che grazie alla sua martellante presenza sui social, \u00e8 riuscito a sovrapporre alla realt\u00e0 la sua percezione\u201d.<\/p>\n<p style=\"text-align: justify;\"><strong>Entrando nel merito della relazione<\/strong> annuale, i rappresentanti di \u201cInsieme\u201d sottolineano che \u201cnulla \u00e8 stato fatto per le politiche dell\u2019integrazione, poco o nulla per sicurezza e l&#8217;ordine pubblico, poco per i servizi sociali. E pochissimo sulla gestione dei parcheggi e dei servizi sulla fascia costiera, come testimoniano le immagini provenienti da Punta Secca, sintomo di una borgata soffocata dal traffico e dalle auto\u201d. Inoltre, aggiungono Gaetano Riva, Alessio Mandar\u00e0 e Piero Mandar\u00e0 \u201cnulla \u00e8 stato detto dell&#8217;aumento del 100% delle indennit\u00e0 degli amministratori; nulla dell&#8217;aumento della TARI, malgrado il finanziamento regionale (oltre 160 mila euro) a sostegno degli extracosti per il conferimento dei rifiuti. Non si \u00e8 accennato al tema del decoro urbano, n\u00e9 della gestione di Iblea Acque \u2013 se non giustificando le numerose perdite della rete idrica con l\u2019aumento della pressione per raggiungere la fascia costiera \u2013 e, tanto meno, alla scarsa considerazione nei confronti delle minoranze\u201d.<\/p>\n<p style=\"text-align: justify;\"><strong>\u201cA ulteriore riprova di questo<\/strong> elemento \u2013 chiosano i tre consiglieri &#8211; ecco la convocazione del prossimo Consiglio comunale, per giorno 6 agosto, con un solo punto all\u2019ordine del giorno: cio\u00e8 l\u2019adozione della variante al Piano regolatore generale. Vista la genesi dello strumento urbanistico, diluita nel tempo, e l\u2019impatto sulla cittadinanza, ci saremmo aspettati una pi\u00f9 ampia concertazione con la citt\u00e0, le forze politiche e sindacali, le realt\u00e0 associative e produttive, per definire modi e tempi dell\u2019approvazione dello strumento urbanistico (a tal proposito il sindaco ci ha rassicurati in Consiglio sulla pubblica presentazione alla cittadinanza tra luned\u00ec e marted\u00ec). Ci sembra tuttavia un tempo limitato, quest\u2019atteggiamento di chiusura, invece, serve solo a inasprire il clima politico e a indebolire la democrazia e la trasparenza\u201d.<\/p>\n","protected":false},"excerpt":{"rendered":"<p>\u201cIl nostro giudizio sulla relazione annuale del sindaco \u00e8 totalmente negativo\u201d. Lo dicono i consiglieri comunali del gruppo \u201cInsieme per Santa Croce\u201d, all\u2019indomani della seduta del Consiglio comunale in cui il primo cittadino ha illustrato i risultati raggiunti nel secondo anno di Amministrazione Dimartino. \u201cSiamo fermi alle opere pubbliche lasciate in eredit\u00e0 da chi c\u2019era [&hellip;]<\/p>\n","protected":false},"author":34,"featured_media":82120,"comment_status":"closed","ping_status":"open","sticky":false,"template":"","format":"standard","meta":{"footnotes":""},"categories":[4],"tags":[704,1034,1039,153],"class_list":["post-82216","post","type-post","status-publish","format-standard","has-post-thumbnail","hentry","category-politica","tag-alessio-mandara","tag-gaetano-riva","tag-insieme-per-santa-croce","tag-piero-mandara"],"_links":{"self":[{"href":"https:\/\/www.santacroceweb.com\/index.php\/wp-json\/wp\/v2\/posts\/82216","targetHints":{"allow":["GET"]}}],"collection":[{"href":"https:\/\/www.santacroceweb.com\/index.php\/wp-json\/wp\/v2\/posts"}],"about":[{"href":"https:\/\/www.santacroceweb.com\/index.php\/wp-json\/wp\/v2\/types\/post"}],"author":[{"embeddable":true,"href":"https:\/\/www.santacroceweb.com\/index.php\/wp-json\/wp\/v2\/users\/34"}],"replies":[{"embeddable":true,"href":"https:\/\/www.santacroceweb.com\/index.php\/wp-json\/wp\/v2\/comments?post=82216"}],"version-history":[{"count":0,"href":"https:\/\/www.santacroceweb.com\/index.php\/wp-json\/wp\/v2\/posts\/82216\/revisions"}],"wp:featuredmedia":[{"embeddable":true,"href":"https:\/\/www.santacroceweb.com\/index.php\/wp-json\/wp\/v2\/media\/82120"}],"wp:attachment":[{"href":"https:\/\/www.santacroceweb.com\/index.php\/wp-json\/wp\/v2\/media?parent=82216"}],"wp:term":[{"taxonomy":"category","embeddable":true,"href":"https:\/\/www.santacroceweb.com\/index.php\/wp-json\/wp\/v2\/categories?post=82216"},{"taxonomy":"post_tag","embeddable":true,"href":"https:\/\/www.santacroceweb.com\/index.php\/wp-json\/wp\/v2\/tags?post=82216"}],"curies":[{"name":"wp","href":"https:\/\/api.w.org\/{rel}","templated":true}]}}