{"id":82587,"date":"2025-01-09T13:22:43","date_gmt":"2025-01-09T12:22:43","guid":{"rendered":"https:\/\/www.santacroceweb.com\/?p=82587"},"modified":"2025-01-09T13:24:25","modified_gmt":"2025-01-09T12:24:25","slug":"accoglienza-turistica-e-servizi-in-arrivo-contributo-da-346-mila-euro","status":"publish","type":"post","link":"https:\/\/www.santacroceweb.com\/index.php\/2025\/01\/09\/accoglienza-turistica-e-servizi-in-arrivo-contributo-da-346-mila-euro\/","title":{"rendered":"Accoglienza turistica e servizi: in arrivo 346 mila euro per le fascia costiera"},"content":{"rendered":"<p style=\"text-align: justify;\"><strong>Un importante finanziamento<\/strong> da 346mila euro, che consente di migliorare accoglienza turistica, vivibilit\u00e0 e servizi. Le somme arrivano dal Gal Terra Barocca, grazie al lavoro sinergico dell\u2019Amministrazione Dimartino, portato avanti con gli assessori Davide Mandar\u00e0, Catia Gambino e con l\u2019architetto Gaudenzio Occhipinti, responsabile del III Dipartimento. Il Comune di Santa Croce, capofila dell\u2019ATS, ha infatti presentato un progetto articolato che permetter\u00e0 di realizzare nella fascia costiera diversi interventi che miglioreranno il volto del nostro territorio rendendolo pi\u00f9 accogliente, pi\u00f9 green, pi\u00f9 sostenibile. \u201cCome si sa, la nostra fascia costiera vede nei mesi estivi un sensibile aumento della popolazione che qui ha la propria seconda casa, ma anche dei turisti che vengono a soggiornare per brevi periodi. E\u2019 nostro preciso intento quello di incentivare quanto pi\u00f9 possibile la permanenza di villeggianti e turisti che devono trovare i migliori servizi che possiamo offrire. Nello specifico \u2013 commenta il sindaco Dimartino &#8211; saranno realizzate delle aree dedicate allo sport con attrezzi e circuiti specifici, saranno installate rastrelliere per incentivare l\u2019uso delle bici, saranno acquistate 16 e-bike e il Comune si doter\u00e0 anche di un golf cart per facilitare gli spostamenti lungo le aree della costa e di un mini van elettrico per migliorare il nostro sistema di trasporto pubblico. Questi interventi non solo miglioreranno la vivibilit\u00e0 della nostra comunit\u00e0 e i servizi sulla fascia costiera, ma contribuiranno anche a ridurre l&#8217;impatto ambientale, promuovendo modalit\u00e0 di trasporto pi\u00f9 ecologiche\u201d.<\/p>\n","protected":false},"excerpt":{"rendered":"<p>Un importante finanziamento da 346mila euro, che consente di migliorare accoglienza turistica, vivibilit\u00e0 e servizi. Le somme arrivano dal Gal Terra Barocca, grazie al lavoro sinergico dell\u2019Amministrazione Dimartino, portato avanti con gli assessori Davide Mandar\u00e0, Catia Gambino e con l\u2019architetto Gaudenzio Occhipinti, responsabile del III Dipartimento. Il Comune di Santa Croce, capofila dell\u2019ATS, ha infatti [&hellip;]<\/p>\n","protected":false},"author":34,"featured_media":82588,"comment_status":"closed","ping_status":"open","sticky":false,"template":"","format":"standard","meta":{"footnotes":""},"categories":[8],"tags":[1042,1000,139],"class_list":["post-82587","post","type-post","status-publish","format-standard","has-post-thumbnail","hentry","category-attualita","tag-gal-terra-barocca","tag-peppe-dimartino","tag-santa-croce-camerina"],"_links":{"self":[{"href":"https:\/\/www.santacroceweb.com\/index.php\/wp-json\/wp\/v2\/posts\/82587","targetHints":{"allow":["GET"]}}],"collection":[{"href":"https:\/\/www.santacroceweb.com\/index.php\/wp-json\/wp\/v2\/posts"}],"about":[{"href":"https:\/\/www.santacroceweb.com\/index.php\/wp-json\/wp\/v2\/types\/post"}],"author":[{"embeddable":true,"href":"https:\/\/www.santacroceweb.com\/index.php\/wp-json\/wp\/v2\/users\/34"}],"replies":[{"embeddable":true,"href":"https:\/\/www.santacroceweb.com\/index.php\/wp-json\/wp\/v2\/comments?post=82587"}],"version-history":[{"count":3,"href":"https:\/\/www.santacroceweb.com\/index.php\/wp-json\/wp\/v2\/posts\/82587\/revisions"}],"predecessor-version":[{"id":82591,"href":"https:\/\/www.santacroceweb.com\/index.php\/wp-json\/wp\/v2\/posts\/82587\/revisions\/82591"}],"wp:featuredmedia":[{"embeddable":true,"href":"https:\/\/www.santacroceweb.com\/index.php\/wp-json\/wp\/v2\/media\/82588"}],"wp:attachment":[{"href":"https:\/\/www.santacroceweb.com\/index.php\/wp-json\/wp\/v2\/media?parent=82587"}],"wp:term":[{"taxonomy":"category","embeddable":true,"href":"https:\/\/www.santacroceweb.com\/index.php\/wp-json\/wp\/v2\/categories?post=82587"},{"taxonomy":"post_tag","embeddable":true,"href":"https:\/\/www.santacroceweb.com\/index.php\/wp-json\/wp\/v2\/tags?post=82587"}],"curies":[{"name":"wp","href":"https:\/\/api.w.org\/{rel}","templated":true}]}}