{"id":82828,"date":"2025-03-14T13:24:13","date_gmt":"2025-03-14T12:24:13","guid":{"rendered":"https:\/\/www.santacroceweb.com\/?p=82828"},"modified":"2025-08-20T16:36:21","modified_gmt":"2025-08-20T14:36:21","slug":"torre-di-mezzo-una-dichiarazione-damore-ferisce-il-luogo-simbolo-della-costa-ragusana","status":"publish","type":"post","link":"https:\/\/www.santacroceweb.com\/index.php\/2025\/03\/14\/torre-di-mezzo-una-dichiarazione-damore-ferisce-il-luogo-simbolo-della-costa-ragusana\/","title":{"rendered":"Torre di Mezzo: una dichiarazione d\u2019amore ferisce il luogo simbolo della costa ragusana"},"content":{"rendered":"<p class=\"p1\"><span class=\"s1\"><img fetchpriority=\"high\" decoding=\"async\" class=\"alignnone size-full wp-image-82830 lazyload\" src=\"data:image\/gif;base64,R0lGODlhAQABAAAAACH5BAEKAAEALAAAAAABAAEAAAICTAEAOw==\" data-src=\"https:\/\/www.santacroceweb.com\/giornale1\/wp-content\/uploads\/2025\/03\/ccb32aad-b0f2-4b88-b9ff-68d3f0317961.jpeg\" alt=\"\" width=\"1600\" height=\"900\" data-sizes=\"auto\" data-srcset=\"https:\/\/www.santacroceweb.com\/giornale1\/wp-content\/uploads\/2025\/03\/ccb32aad-b0f2-4b88-b9ff-68d3f0317961.jpeg 1600w, https:\/\/www.santacroceweb.com\/giornale1\/wp-content\/uploads\/2025\/03\/ccb32aad-b0f2-4b88-b9ff-68d3f0317961-1536x864.jpeg 1536w\" sizes=\"(max-width: 1600px) 100vw, 1600px\" \/>Un\u2019altra ferita inflitta al patrimonio storico locale. Torre di Mezzo, monumento che si erge con orgoglio sulla costa, \u00e8 stata nuovamente oggetto di deturpamento. Questa volta, non si tratta solo del danno cagionato dal tempo e dagli agenti atmosferici: una scritta \u201camorosa\u201d lasciata da un ignoto vandalo ha offeso la bellezza di questo simbolo di storia e bellezza. A documentare scritta e stato della torre \u00e8 stato il fotoreporter Silvio Rizzo, che ha effettuato una ricognizione con un drone, raccogliendo immagini della dichiarazione che ha imbrattato il prospetto della torre. Rizzo ha spiegato: \u201cMi avevano segnalato la situazione qualche settimana fa, ma a causa delle condizioni meteorologiche, non sono riuscito a intervenire prima. La torre, gi\u00e0 danneggiata dal mare e da fattori atmosferici, \u00e8 stata ulteriormente deturpata da scritte che non solo danneggiano il monumento, ma infangano anche il rispetto per il nostro patrimonio storico\u201d. <\/span>Oltre al danno estetico, la Torre di Mezzo sta affrontando anche un grave deterioramento strutturale. Lo ricorda, ancora, Rizzo: \u201cLa parte a Est della torre, che gi\u00e0 qualche anno fa era stata restaurata, \u00e8 nuovamente in pericolo, con un pezzo di muro gi\u00e0 crollato. Le condizioni di ci\u00f2 che resta dello storico edificio sono aggravate dall\u2019erosione causata dalle onde marine, che minacciano costantemente la stabilit\u00e0 dell\u2019intero monumento\u201d. \u201cLa torre sta crollando sotto il peso del tempo e delle forze naturali &#8211; ha aggiunto Rizzo &#8211; Il mare erode costantemente la costa e la struttura \u00e8 costantemente minacciata. Questo problema non riguarda solo Torre di Mezzo, ma l\u2019intera zona costiera\u201d.<\/p>\n<p class=\"p1\"><span class=\"s1\">Il fotografo ha poi esteso il suo commento all\u2019intera costa, sottolineando come anche altri luoghi significativi stiano vivendo una condizione di incertezza. \u201cA Caucana, per esempio, ho recentemente fatto delle riprese, e la situazione non \u00e8 migliore &#8211; riferisce &#8211; Anche il promontorio di Camarina \u00e8 in condizioni precarie, con il sito archeologico che ormai versa in un abbandono totale. Le strade stanno crollando, il ponte \u00e8 chiuso, e la zona \u00e8 sempre pi\u00f9 a rischio\u201d. <\/span>Rizzo ha anche evidenziato un altro problema significativo che minaccia la stabilit\u00e0 delle strutture costiere: l\u2019erosione del terreno, che sta causando un danno sempre maggiore alle infrastrutture. \u201cA Camarina, il problema \u00e8 a monte: tutta l\u2019acqua piovana che scende dalla collina sta erodendo il terreno, portando via intere porzioni di costa e minacciando la stabilit\u00e0 della zona\u201d. La situazione di Torre di Mezzo, cos\u00ec come quella di altre localit\u00e0 storiche della costa ragusana, \u00e8 diventata un\u2019emergenza che non pu\u00f2 essere ignorata. Silvio Rizzo ha lanciato un appello urgente per la salvaguardia del patrimonio storico e naturale della zona, chiedendo che vengano adottate misure concrete per la protezione di questi luoghi di grande interesse.<\/p>\n<p class=\"p1\"><span class=\"s1\">Alessia Cataudella<\/span><\/p>\n","protected":false},"excerpt":{"rendered":"<p>Un\u2019altra ferita inflitta al patrimonio storico locale. Torre di Mezzo, monumento che si erge con orgoglio sulla costa, \u00e8 stata nuovamente oggetto di deturpamento. Questa volta, non si tratta solo del danno cagionato dal tempo e dagli agenti atmosferici: una scritta \u201camorosa\u201d lasciata da un ignoto vandalo ha offeso la bellezza di questo simbolo di [&hellip;]<\/p>\n","protected":false},"author":62,"featured_media":82829,"comment_status":"closed","ping_status":"open","sticky":false,"template":"","format":"standard","meta":{"footnotes":""},"categories":[8],"tags":[],"class_list":["post-82828","post","type-post","status-publish","format-standard","has-post-thumbnail","hentry","category-attualita"],"_links":{"self":[{"href":"https:\/\/www.santacroceweb.com\/index.php\/wp-json\/wp\/v2\/posts\/82828","targetHints":{"allow":["GET"]}}],"collection":[{"href":"https:\/\/www.santacroceweb.com\/index.php\/wp-json\/wp\/v2\/posts"}],"about":[{"href":"https:\/\/www.santacroceweb.com\/index.php\/wp-json\/wp\/v2\/types\/post"}],"author":[{"embeddable":true,"href":"https:\/\/www.santacroceweb.com\/index.php\/wp-json\/wp\/v2\/users\/62"}],"replies":[{"embeddable":true,"href":"https:\/\/www.santacroceweb.com\/index.php\/wp-json\/wp\/v2\/comments?post=82828"}],"version-history":[{"count":2,"href":"https:\/\/www.santacroceweb.com\/index.php\/wp-json\/wp\/v2\/posts\/82828\/revisions"}],"predecessor-version":[{"id":82833,"href":"https:\/\/www.santacroceweb.com\/index.php\/wp-json\/wp\/v2\/posts\/82828\/revisions\/82833"}],"wp:featuredmedia":[{"embeddable":true,"href":"https:\/\/www.santacroceweb.com\/index.php\/wp-json\/wp\/v2\/media\/82829"}],"wp:attachment":[{"href":"https:\/\/www.santacroceweb.com\/index.php\/wp-json\/wp\/v2\/media?parent=82828"}],"wp:term":[{"taxonomy":"category","embeddable":true,"href":"https:\/\/www.santacroceweb.com\/index.php\/wp-json\/wp\/v2\/categories?post=82828"},{"taxonomy":"post_tag","embeddable":true,"href":"https:\/\/www.santacroceweb.com\/index.php\/wp-json\/wp\/v2\/tags?post=82828"}],"curies":[{"name":"wp","href":"https:\/\/api.w.org\/{rel}","templated":true}]}}