{"id":82842,"date":"2025-03-15T11:28:34","date_gmt":"2025-03-15T10:28:34","guid":{"rendered":"https:\/\/www.santacroceweb.com\/?p=82842"},"modified":"2025-08-20T16:36:31","modified_gmt":"2025-08-20T14:36:31","slug":"insieme-per-santacroce-il-piano-di-utilizzo-del-demanio-marittimo-un-percorso-condiviso-per-il-futuro-del-territorio","status":"publish","type":"post","link":"https:\/\/www.santacroceweb.com\/index.php\/2025\/03\/15\/insieme-per-santacroce-il-piano-di-utilizzo-del-demanio-marittimo-un-percorso-condiviso-per-il-futuro-del-territorio\/","title":{"rendered":"Insieme per Santacroce: \u201cIl PUDM, un percorso condiviso per il territorio\u201d"},"content":{"rendered":"<p class=\"p1\" style=\"text-align: justify;\"><span class=\"s1\">Il gruppo consiliare Insieme per Santacroce esprime soddisfazione per l\u2019approvazione del Piano di Utilizzo del Demanio Marittimo (PUDM): \u201cUn passo fondamentale per la pianificazione e lo sviluppo delle aree costiere del nostro territorio &#8211; cos\u00ec il capogruppo Gaetano Riva e i consiglieri comunali Piero Mandar\u00e0 e Alessio Mandar\u00e0 &#8211; Dopo decenni, il Piano torna a Palermo per la valutazione finale, con il pieno sostegno del nostro gruppo, che ha sempre privilegiato un approccio di collaborazione e dialogo nell\u2019interesse della comunit\u00e0. Nel corso del dibattito, il nostro gruppo ha accolto con attenzione e responsabilit\u00e0 la nota firmata da circa 1200 residenti, che hanno espresso perplessit\u00e0 su possibili impatti ambientali derivanti dall\u2019attuazione del PUDM. In un\u2019ottica di trasparenza e rispetto delle istanze cittadine, tale nota \u00e8 stata allegata alla deliberazione, affinch\u00e9 le valutazioni competenti possano essere effettuate dagli organi preposti\u201d.<\/span><\/p>\n<p class=\"p1\" style=\"text-align: justify;\"><span class=\"s1\">\u201cOltre a garantire la partecipazione attiva della cittadinanza, Insieme per Santacroce ha portato avanti un\u2019azione propositiva concreta &#8211; ancora i consiglieri &#8211; offrendo un atto di indirizzo all\u2019amministrazione comunale per l\u2019inserimento di premialit\u00e0 nei bandi turistici destinati all\u2019installazione di chioschi. Il nostro obiettivo \u00e8 incentivare gli operatori economici che offriranno servizi aggiuntivi, come la realizzazione di wc pubblici in prossimit\u00e0 dei chioschi, migliorando cos\u00ec le aree in cui tali servizi risultano carenti\u201d.<\/span><\/p>\n<p class=\"p1\" style=\"text-align: justify;\"><span class=\"s1\">Per Insieme per Santa Croce: \u201cL\u2019approvazione del PUDM \u00e8 il risultato di un percorso condiviso tra amministrazione, uffici e progettisti, che si sono resi disponibili al confronto e alla sintesi delle diverse esigenze emerse. Un metodo di lavoro che ha permesso di giungere a un provvedimento equilibrato e orientato alla crescita del territorio. Infine, nell\u2019ambito della stessa seduta consiliare, \u00e8 stata approvata una mozione relativa al potenziamento del recupero dei crediti di dubbia esigibilit\u00e0, frutto di un\u2019approfondita discussione e della modifica condivisa di un precedente emendamento\u201d.<\/span><\/p>\n<p class=\"p1\" style=\"text-align: justify;\"><span class=\"s1\">\u201cAnche su questo tema &#8211; conclude la nota &#8211; il nostro gruppo ha dimostrato di operare con spirito costruttivo, cercando soluzioni efficaci per il miglioramento della gestione delle risorse comunali. Insieme per Santacroce conferma il proprio impegno per un\u2019amministrazione trasparente e partecipata, capace di conciliare sviluppo e tutela del territorio, sempre nel rispetto delle esigenze della comunit\u00e0\u201d.<\/span><\/p>\n","protected":false},"excerpt":{"rendered":"<p>Il gruppo consiliare Insieme per Santacroce esprime soddisfazione per l\u2019approvazione del Piano di Utilizzo del Demanio Marittimo (PUDM): \u201cUn passo fondamentale per la pianificazione e lo sviluppo delle aree costiere del nostro territorio &#8211; cos\u00ec il capogruppo Gaetano Riva e i consiglieri comunali Piero Mandar\u00e0 e Alessio Mandar\u00e0 &#8211; Dopo decenni, il Piano torna a [&hellip;]<\/p>\n","protected":false},"author":34,"featured_media":82843,"comment_status":"closed","ping_status":"open","sticky":false,"template":"","format":"standard","meta":{"footnotes":""},"categories":[4],"tags":[],"class_list":["post-82842","post","type-post","status-publish","format-standard","has-post-thumbnail","hentry","category-politica"],"_links":{"self":[{"href":"https:\/\/www.santacroceweb.com\/index.php\/wp-json\/wp\/v2\/posts\/82842","targetHints":{"allow":["GET"]}}],"collection":[{"href":"https:\/\/www.santacroceweb.com\/index.php\/wp-json\/wp\/v2\/posts"}],"about":[{"href":"https:\/\/www.santacroceweb.com\/index.php\/wp-json\/wp\/v2\/types\/post"}],"author":[{"embeddable":true,"href":"https:\/\/www.santacroceweb.com\/index.php\/wp-json\/wp\/v2\/users\/34"}],"replies":[{"embeddable":true,"href":"https:\/\/www.santacroceweb.com\/index.php\/wp-json\/wp\/v2\/comments?post=82842"}],"version-history":[{"count":3,"href":"https:\/\/www.santacroceweb.com\/index.php\/wp-json\/wp\/v2\/posts\/82842\/revisions"}],"predecessor-version":[{"id":82847,"href":"https:\/\/www.santacroceweb.com\/index.php\/wp-json\/wp\/v2\/posts\/82842\/revisions\/82847"}],"wp:featuredmedia":[{"embeddable":true,"href":"https:\/\/www.santacroceweb.com\/index.php\/wp-json\/wp\/v2\/media\/82843"}],"wp:attachment":[{"href":"https:\/\/www.santacroceweb.com\/index.php\/wp-json\/wp\/v2\/media?parent=82842"}],"wp:term":[{"taxonomy":"category","embeddable":true,"href":"https:\/\/www.santacroceweb.com\/index.php\/wp-json\/wp\/v2\/categories?post=82842"},{"taxonomy":"post_tag","embeddable":true,"href":"https:\/\/www.santacroceweb.com\/index.php\/wp-json\/wp\/v2\/tags?post=82842"}],"curies":[{"name":"wp","href":"https:\/\/api.w.org\/{rel}","templated":true}]}}