{"id":82886,"date":"2025-03-19T12:06:30","date_gmt":"2025-03-19T11:06:30","guid":{"rendered":"https:\/\/www.santacroceweb.com\/?p=82886"},"modified":"2025-08-20T16:37:00","modified_gmt":"2025-08-20T14:37:00","slug":"il-besta-di-santa-croce-e-le-tradizioni-di-san-giuseppe-appuntamento-venerdi-con-la-cena-dei-ragazzi","status":"publish","type":"post","link":"https:\/\/www.santacroceweb.com\/index.php\/2025\/03\/19\/il-besta-di-santa-croce-e-le-tradizioni-di-san-giuseppe-appuntamento-venerdi-con-la-cena-dei-ragazzi\/","title":{"rendered":"Il Besta di Santa Croce e le tradizioni di San Giuseppe: appuntamento venerd\u00ec con la \u201cCena\u201d dei ragazzi"},"content":{"rendered":"<p class=\"p1\"><span class=\"s1\"><img fetchpriority=\"high\" decoding=\"async\" class=\"alignnone size-full wp-image-82888 lazyload\" src=\"data:image\/gif;base64,R0lGODlhAQABAAAAACH5BAEKAAEALAAAAAABAAEAAAICTAEAOw==\" data-src=\"https:\/\/www.santacroceweb.com\/giornale1\/wp-content\/uploads\/2025\/03\/a158de7d-72bb-48aa-9232-d165dc73a095.jpeg\" alt=\"\" width=\"1200\" height=\"1600\" data-sizes=\"auto\" data-srcset=\"https:\/\/www.santacroceweb.com\/giornale1\/wp-content\/uploads\/2025\/03\/a158de7d-72bb-48aa-9232-d165dc73a095.jpeg 1200w, https:\/\/www.santacroceweb.com\/giornale1\/wp-content\/uploads\/2025\/03\/a158de7d-72bb-48aa-9232-d165dc73a095-1152x1536.jpeg 1152w\" sizes=\"(max-width: 1200px) 100vw, 1200px\" \/>L\u2019istituto ad indirizzo turistico \u201cFabio Besta\u201d, succursale di Santa Croce Camerina gi\u00e0 pronto all\u2019allestimento della tavola di San Giuseppe, a pochi giorni \u201c<\/span><span class=\"s2\">ra nisciuta dei Santi<\/span><span class=\"s1\">\u201d racconta la storia e le tradizioni. Tra musiche, canti, ma anche tra inclusione e integrazione, i giovani studenti, sono impegnati sotto l\u2019attenta direzione della dirigente scolastica prof.ssa Antonella Rosa e con l\u2019instituibile apporto della prof.ssa Daniela Nitro assieme ai docenti a far risorgere la pi\u00f9 antica tradizione della citt\u00e0. L\u2019obiettivo \u00e8 far rivivere ogni anno il rito della sacra celebrazione della festa di San Giuseppe, che risale al 1832, quando il Barone Guglielmo Vitale, dopo la sua morte, lasci\u00f2 alla Chiesa Madre la rendita di tre vignali per solennizzare la festa del Patriarca, fu questa l\u2019occasione per preparare una grande tavolata, chiamata \u201cCena\u201d, che ancora oggi i fedeli offrono al nostro amato Santo per devozione o grazia ricevuta.<\/span><\/p>\n<p class=\"p1\"><span class=\"s3\">La straordinaria bellezza di una coperta variopinta<\/span><span class=\"s1\"> fa da cornice alla tavolata, dove vengono fissate delle arance amare e dei limoni, mentre al centro viene sistemato un piccolo altare sul quale viene posto un quadro raffigurante la Sacra Famiglia e davanti al quale viene accesa una lampada ad olio detta \u201c<\/span><span class=\"s2\">a lampa<\/span><span class=\"s1\">\u201d e ai lati il grano fatto germogliare al buio detto \u201c<\/span><span class=\"s2\">u lauri<\/span><span class=\"s1\">\u201d. La tavola viene imbandita con semplicit\u00e0: piatti caratteristici come il \u201c<\/span><span class=\"s2\">baccal\u00e0<\/span><span class=\"s1\">\u201d, le\u201c<\/span><span class=\"s2\">polpette di riso<\/span><span class=\"s1\">\u201d, le \u201c<\/span><span class=\"s2\">frittate agli asparagi<\/span><span class=\"s1\">\u201d, i \u201c<\/span><span class=\"s2\">pastizzi<\/span><span class=\"s2\">di spinaci e uva passa<\/span><span class=\"s1\">\u201d, assieme alle varie tipologie di biscotti e dolci come la \u201c<\/span><span class=\"s2\">cubaita<\/span><span class=\"s1\">\u201d, il \u201c<\/span><span class=\"s2\">torrone<\/span><span class=\"s1\">\u201d, gli \u201c<\/span><span class=\"s2\">scaurati<\/span><span class=\"s1\">\u201d, i \u201d<\/span><span class=\"s2\">cicirieddi<\/span><span class=\"s1\">\u201d,i \u201d<\/span><span class=\"s2\">mastazzola<\/span><span class=\"s1\">\u201d, \u201c<\/span><span class=\"s2\">a mustata<\/span><span class=\"s1\">\u201d, tutte preparate dalle preziose mani dei fedeli per il Santo Patriarca. Al decoro della tavola vengono aggiunte le primizie, gli ortaggi e i fiori profumati quali \u201c<\/span><span class=\"s2\">fresia<\/span><span class=\"s1\">\u201d e \u201c<\/span><span class=\"s2\">balicu<\/span><span class=\"s1\">\u201d provenienti dalle terre santacrocesi e che creano profumi ed effetti policromatici che incantano i visitatori provenienti da ogni parte della Sicilia e non solo.<\/span><\/p>\n<p class=\"p1\"><span class=\"s3\">Ma l\u2019elemento principale della tavola<\/span><span class=\"s1\">\u00a0\u00e8 il Pane di San Giuseppe, detto anche \u201c<\/span><span class=\"s2\">pani pulitu<\/span><span class=\"s1\">\u201d, lavorato attentamente con particolari dovizie e con diverse forme che simboleggiano:\u201c<\/span><span class=\"s2\">a varva<\/span><span class=\"s1\">\u201d il volto del santo, <\/span><span class=\"s2\">\u201cu vastuni<\/span><span class=\"s1\">\u201d la regalit\u00e0 del Santo, \u201c<\/span><span class=\"s2\">la S e la G<\/span><span class=\"s1\">\u201d le sue iniziali, \u201c<\/span><span class=\"s2\">a sfera<\/span><span class=\"s1\">\u201d l\u2019ostensorio. Pane che rifinito e decorato da mani abili ed esperte, diventa dorato e talmente invitante da essere entrato a far parte dei beni immateriali della Regione Sicilia con decreto n.8184 del 4 Novembre 2005.<\/span><\/p>\n<p class=\"p1\"><span class=\"s3\">Il rito<\/span><span class=\"s1\">, quello pi\u00f9 importante, si svolge con l\u2019arrivo dei tre Santi che giunti davanti alla porta di ingresso, dove San Giuseppe bussa con il suo bastone per ben tre volte, mentre una voce possente dopo aver risposto \u201ca nudduaspittamu\u201d apre la porta , invitandolo a prendere parte al ricco banchetto con tutta la famiglia. Viene servita loro la Tipica Pasta di San Giuseppe: \u201c<\/span><span class=\"s2\">a principissedda<\/span><span class=\"s1\">\u201d al sugo, mentre tutto ci\u00f2 che \u00e8 in tavola viene donato alle famiglie bisognose.<\/span><\/p>\n<p class=\"p1\"><span class=\"s1\">La cena di San Giuseppe del Fabio Besta a Santa Croce Camerina sar\u00e0 visitabile venerd\u00ec 21 marzo dalle 09:00 alle 13:00 e dalle 16:00 alle 20:00, mentre il sacro rito \u00e8 previsto per sabato 22 alle 12:00.<\/span><\/p>\n<p>&nbsp;<\/p>\n<p>&nbsp;<\/p>\n<p class=\"p1\"><span class=\"s1\">Articolo a cura di <\/span><\/p>\n<p class=\"p1\"><span class=\"s1\">Yasmine Chater<\/span><\/p>\n<p class=\"p1\"><span class=\"s1\">Adriana Proga<\/span><\/p>\n<p class=\"p1\"><span class=\"s1\">Adele Belluardo<\/span><\/p>\n<p class=\"p1\"><span class=\"s1\">Prof. Salvatore Mandar\u00e0<\/span><\/p>\n","protected":false},"excerpt":{"rendered":"<p>L\u2019istituto ad indirizzo turistico \u201cFabio Besta\u201d, succursale di Santa Croce Camerina gi\u00e0 pronto all\u2019allestimento della tavola di San Giuseppe, a pochi giorni \u201cra nisciuta dei Santi\u201d racconta la storia e le tradizioni. Tra musiche, canti, ma anche tra inclusione e integrazione, i giovani studenti, sono impegnati sotto l\u2019attenta direzione della dirigente scolastica prof.ssa Antonella Rosa [&hellip;]<\/p>\n","protected":false},"author":34,"featured_media":82887,"comment_status":"closed","ping_status":"open","sticky":false,"template":"","format":"standard","meta":{"footnotes":""},"categories":[6],"tags":[],"class_list":["post-82886","post","type-post","status-publish","format-standard","has-post-thumbnail","hentry","category-culturaespettacolo"],"_links":{"self":[{"href":"https:\/\/www.santacroceweb.com\/index.php\/wp-json\/wp\/v2\/posts\/82886","targetHints":{"allow":["GET"]}}],"collection":[{"href":"https:\/\/www.santacroceweb.com\/index.php\/wp-json\/wp\/v2\/posts"}],"about":[{"href":"https:\/\/www.santacroceweb.com\/index.php\/wp-json\/wp\/v2\/types\/post"}],"author":[{"embeddable":true,"href":"https:\/\/www.santacroceweb.com\/index.php\/wp-json\/wp\/v2\/users\/34"}],"replies":[{"embeddable":true,"href":"https:\/\/www.santacroceweb.com\/index.php\/wp-json\/wp\/v2\/comments?post=82886"}],"version-history":[{"count":3,"href":"https:\/\/www.santacroceweb.com\/index.php\/wp-json\/wp\/v2\/posts\/82886\/revisions"}],"predecessor-version":[{"id":82892,"href":"https:\/\/www.santacroceweb.com\/index.php\/wp-json\/wp\/v2\/posts\/82886\/revisions\/82892"}],"wp:featuredmedia":[{"embeddable":true,"href":"https:\/\/www.santacroceweb.com\/index.php\/wp-json\/wp\/v2\/media\/82887"}],"wp:attachment":[{"href":"https:\/\/www.santacroceweb.com\/index.php\/wp-json\/wp\/v2\/media?parent=82886"}],"wp:term":[{"taxonomy":"category","embeddable":true,"href":"https:\/\/www.santacroceweb.com\/index.php\/wp-json\/wp\/v2\/categories?post=82886"},{"taxonomy":"post_tag","embeddable":true,"href":"https:\/\/www.santacroceweb.com\/index.php\/wp-json\/wp\/v2\/tags?post=82886"}],"curies":[{"name":"wp","href":"https:\/\/api.w.org\/{rel}","templated":true}]}}