{"id":83226,"date":"2025-05-04T14:07:30","date_gmt":"2025-05-04T12:07:30","guid":{"rendered":"https:\/\/www.santacroceweb.com\/?p=83226"},"modified":"2025-08-20T16:42:13","modified_gmt":"2025-08-20T14:42:13","slug":"incidente-a-playa-grande-un-possibile-26enne-tra-le-fiamme-la-nostra-scelta-prima-il-rispetto-poi-la-notizia","status":"publish","type":"post","link":"https:\/\/www.santacroceweb.com\/index.php\/2025\/05\/04\/incidente-a-playa-grande-un-possibile-26enne-tra-le-fiamme-la-nostra-scelta-prima-il-rispetto-poi-la-notizia\/","title":{"rendered":"Incidente a Playa Grande: si pensa a un 26enne come vittima tra le fiamme. Cordoglio del sindaco Marino. La nostra scelta: prima il rispetto"},"content":{"rendered":"<p>Un corpo carbonizzato, una giovane ferita e una comunit\u00e0 sotto shock. \u00c8 il bilancio del tragico incidente avvenuto ieri pomeriggio lungo la provinciale che collega Donnalucata a Playa Grande. Coinvolte due auto: una Fiat 500, guidata da una ragazza di 23 anni, e una Peugeot 208, andata completamente distrutta dalle fiamme. Alla presunta identit\u00e0 della vittima \u2013 il 26enne di Scicli Edoardo Miceli \u2013 si \u00e8 arrivati attraverso il controllo del numero di telaio del veicolo. Solo l\u2019esame del DNA potr\u00e0 dare conferma ufficiale.<\/p>\n<p>Il sindaco di Scicli, Marino Marino, ha espresso cordoglio e sdegno per la viralit\u00e0 incontrollata dell\u2019evento tragico: \u201cUn dolore che colpisce tutta Scicli. Siamo profondamente addolorati per quanto accaduto ieri lungo la circonvallazione di Donnalucata. Una tragedia atroce ha colpito la nostra citt\u00e0, lasciandoci sgomenti e senza parole. Ci stringiamo con sincero cordoglio alla famiglia che, in queste ore drammatiche, piange \u2014 ingiustamente \u2014 la perdita di un proprio caro. \u00c8 un dolore che appartiene a tutta Scicli. Condanniamo con fermezza la diffusione dei video che ritraggono l\u2019auto avvolta dalle fiamme: in quel momento una vita umana veniva spezzata. Non c\u2019\u00e8 alcuna giustificazione alla condivisione di immagini di tale crudelt\u00e0 e mancanza di rispetto.<br \/>\nChiediamo a tutti senso di responsabilit\u00e0, rispetto e umanit\u00e0. In attesa che l\u2019esame del DNA faccia piena chiarezza sull\u2019identit\u00e0 della vittima, manteniamo il silenzio del rispetto e della preghiera\u201d.<\/p>\n<p>Perch\u00e9 pubblichiamo solo ora<\/p>\n<p>Abbiamo scelto di non rincorrere la velocit\u00e0 dell\u2019informazione, ma di fermarci un passo prima. Quando una vita si spezza in modo cos\u00ec drammatico, crediamo che il dovere di cronaca debba fare spazio, prima di tutto, al rispetto.<br \/>\nIn queste ore si \u00e8 detto e condiviso di tutto: identit\u00e0 presunte, immagini, video, dettagli non confermati. Abbiamo preferito non aggiungerci a quel coro. Abbiamo scelto di attendere, di verificare, di restituire a questa notizia la delicatezza che merita. Perch\u00e9 dietro un nome c\u2019\u00e8 una persona, una famiglia, un dolore privato.<br \/>\nNon sempre arrivare primi significa raccontare meglio. E in certi casi, come questo, significa solo non calpestare la dignit\u00e0 di chi non pu\u00f2 pi\u00f9 parlare.<\/p>\n","protected":false},"excerpt":{"rendered":"<p>Un corpo carbonizzato, una giovane ferita e una comunit\u00e0 sotto shock. \u00c8 il bilancio del tragico incidente avvenuto ieri pomeriggio lungo la provinciale che collega Donnalucata a Playa Grande. Coinvolte due auto: una Fiat 500, guidata da una ragazza di 23 anni, e una Peugeot 208, andata completamente distrutta dalle fiamme. Alla presunta identit\u00e0 della [&hellip;]<\/p>\n","protected":false},"author":62,"featured_media":83227,"comment_status":"closed","ping_status":"open","sticky":false,"template":"","format":"standard","meta":{"footnotes":""},"categories":[7],"tags":[],"class_list":["post-83226","post","type-post","status-publish","format-standard","has-post-thumbnail","hentry","category-cronaca"],"_links":{"self":[{"href":"https:\/\/www.santacroceweb.com\/index.php\/wp-json\/wp\/v2\/posts\/83226","targetHints":{"allow":["GET"]}}],"collection":[{"href":"https:\/\/www.santacroceweb.com\/index.php\/wp-json\/wp\/v2\/posts"}],"about":[{"href":"https:\/\/www.santacroceweb.com\/index.php\/wp-json\/wp\/v2\/types\/post"}],"author":[{"embeddable":true,"href":"https:\/\/www.santacroceweb.com\/index.php\/wp-json\/wp\/v2\/users\/62"}],"replies":[{"embeddable":true,"href":"https:\/\/www.santacroceweb.com\/index.php\/wp-json\/wp\/v2\/comments?post=83226"}],"version-history":[{"count":6,"href":"https:\/\/www.santacroceweb.com\/index.php\/wp-json\/wp\/v2\/posts\/83226\/revisions"}],"predecessor-version":[{"id":83233,"href":"https:\/\/www.santacroceweb.com\/index.php\/wp-json\/wp\/v2\/posts\/83226\/revisions\/83233"}],"wp:featuredmedia":[{"embeddable":true,"href":"https:\/\/www.santacroceweb.com\/index.php\/wp-json\/wp\/v2\/media\/83227"}],"wp:attachment":[{"href":"https:\/\/www.santacroceweb.com\/index.php\/wp-json\/wp\/v2\/media?parent=83226"}],"wp:term":[{"taxonomy":"category","embeddable":true,"href":"https:\/\/www.santacroceweb.com\/index.php\/wp-json\/wp\/v2\/categories?post=83226"},{"taxonomy":"post_tag","embeddable":true,"href":"https:\/\/www.santacroceweb.com\/index.php\/wp-json\/wp\/v2\/tags?post=83226"}],"curies":[{"name":"wp","href":"https:\/\/api.w.org\/{rel}","templated":true}]}}