{"id":83336,"date":"2025-05-30T15:45:01","date_gmt":"2025-05-30T13:45:01","guid":{"rendered":"https:\/\/www.santacroceweb.com\/?p=83336"},"modified":"2025-08-20T16:45:34","modified_gmt":"2025-08-20T14:45:34","slug":"sterpaglie-in-fiamme-lincendio-dal-piazzale-della-solidarieta-raggiunge-abitazioni-e-deposito-sulla-sp85","status":"publish","type":"post","link":"https:\/\/www.santacroceweb.com\/index.php\/2025\/05\/30\/sterpaglie-in-fiamme-lincendio-dal-piazzale-della-solidarieta-raggiunge-abitazioni-e-deposito-sulla-sp85\/","title":{"rendered":"Sterpaglie in fiamme: l\u2019incendio dal Piazzale della Solidariet\u00e0 raggiunge abitazioni e deposito sulla Sp85"},"content":{"rendered":"<p>Un incendio \u00e8 divampato nel primo pomeriggio a Santa Croce Camerina, intorno alle 14:30, nei pressi del Piazzale della Solidariet\u00e0, dove si svolge il mercatino del venerd\u00ec. Le fiamme, alimentate da sterpaglie secche e vento, si sono rapidamente estese fino alla Strada Provinciale 85, coinvolgendo anche un deposito di cassette.<br \/>\nIl rogo ha minacciato alcune abitazioni vicine, mentre le alte temperature e il vento hanno complicato le operazioni di contenimento, aumentando il rischio di propagazione verso le aziende agricole della zona.<br \/>\nDecisivo l\u2019intervento dei volontari della Protezione Civile di Santa Croce. Sul posto anche i Vigili del Fuoco di Vittoria, impegnati a lungo nei pressi della SP 85 in direzione Scoglitti. Attenzione alta per il possibile avanzamento delle fiamme, sospinte da vento e caldo.<\/p>\n<p><img fetchpriority=\"high\" decoding=\"async\" src=\"data:image\/gif;base64,R0lGODlhAQABAAAAACH5BAEKAAEALAAAAAABAAEAAAICTAEAOw==\" data-src=\"https:\/\/www.santacroceweb.com\/giornale1\/wp-content\/uploads\/2025\/05\/47a64fed-f4a2-4435-9a9d-342ecb8b65d2.jpeg\" alt=\"\" width=\"1600\" height=\"1200\" class=\"alignnone size-full wp-image-83338 lazyload\" data-sizes=\"auto\" data-srcset=\"https:\/\/www.santacroceweb.com\/giornale1\/wp-content\/uploads\/2025\/05\/47a64fed-f4a2-4435-9a9d-342ecb8b65d2.jpeg 1600w, https:\/\/www.santacroceweb.com\/giornale1\/wp-content\/uploads\/2025\/05\/47a64fed-f4a2-4435-9a9d-342ecb8b65d2-1536x1152.jpeg 1536w\" sizes=\"(max-width: 1600px) 100vw, 1600px\" \/><\/p>\n","protected":false},"excerpt":{"rendered":"<p>Un incendio \u00e8 divampato nel primo pomeriggio a Santa Croce Camerina, intorno alle 14:30, nei pressi del Piazzale della Solidariet\u00e0, dove si svolge il mercatino del venerd\u00ec. Le fiamme, alimentate da sterpaglie secche e vento, si sono rapidamente estese fino alla Strada Provinciale 85, coinvolgendo anche un deposito di cassette. Il rogo ha minacciato alcune [&hellip;]<\/p>\n","protected":false},"author":34,"featured_media":83337,"comment_status":"closed","ping_status":"open","sticky":false,"template":"","format":"standard","meta":{"footnotes":""},"categories":[7],"tags":[],"class_list":["post-83336","post","type-post","status-publish","format-standard","has-post-thumbnail","hentry","category-cronaca"],"_links":{"self":[{"href":"https:\/\/www.santacroceweb.com\/index.php\/wp-json\/wp\/v2\/posts\/83336","targetHints":{"allow":["GET"]}}],"collection":[{"href":"https:\/\/www.santacroceweb.com\/index.php\/wp-json\/wp\/v2\/posts"}],"about":[{"href":"https:\/\/www.santacroceweb.com\/index.php\/wp-json\/wp\/v2\/types\/post"}],"author":[{"embeddable":true,"href":"https:\/\/www.santacroceweb.com\/index.php\/wp-json\/wp\/v2\/users\/34"}],"replies":[{"embeddable":true,"href":"https:\/\/www.santacroceweb.com\/index.php\/wp-json\/wp\/v2\/comments?post=83336"}],"version-history":[{"count":1,"href":"https:\/\/www.santacroceweb.com\/index.php\/wp-json\/wp\/v2\/posts\/83336\/revisions"}],"predecessor-version":[{"id":83339,"href":"https:\/\/www.santacroceweb.com\/index.php\/wp-json\/wp\/v2\/posts\/83336\/revisions\/83339"}],"wp:featuredmedia":[{"embeddable":true,"href":"https:\/\/www.santacroceweb.com\/index.php\/wp-json\/wp\/v2\/media\/83337"}],"wp:attachment":[{"href":"https:\/\/www.santacroceweb.com\/index.php\/wp-json\/wp\/v2\/media?parent=83336"}],"wp:term":[{"taxonomy":"category","embeddable":true,"href":"https:\/\/www.santacroceweb.com\/index.php\/wp-json\/wp\/v2\/categories?post=83336"},{"taxonomy":"post_tag","embeddable":true,"href":"https:\/\/www.santacroceweb.com\/index.php\/wp-json\/wp\/v2\/tags?post=83336"}],"curies":[{"name":"wp","href":"https:\/\/api.w.org\/{rel}","templated":true}]}}