{"id":83340,"date":"2025-05-31T11:11:37","date_gmt":"2025-05-31T09:11:37","guid":{"rendered":"https:\/\/www.santacroceweb.com\/?p=83340"},"modified":"2025-08-20T16:45:38","modified_gmt":"2025-08-20T14:45:38","slug":"un-dono-per-la-comunita-un-defibrillatore-in-piazza-grazie-allassociazione-astra-e-alla-generosita-delle-famiglie","status":"publish","type":"post","link":"https:\/\/www.santacroceweb.com\/index.php\/2025\/05\/31\/un-dono-per-la-comunita-un-defibrillatore-in-piazza-grazie-allassociazione-astra-e-alla-generosita-delle-famiglie\/","title":{"rendered":"Un dono per la comunit\u00e0: un defibrillatore in piazza grazie all\u2019associazione Astra e alla generosit\u00e0 delle famiglie"},"content":{"rendered":"<p>Un gesto di profonda solidariet\u00e0 e amore per la comunit\u00e0 si \u00e8 concretizzato oggi con l\u2019inaugurazione di un defibrillatore pubblico installato nella piazza di Punta Secca. L\u2019importante presidio salvavita \u00e8 stato donato dall\u2019associazione di volontariato Astra all\u2019amministrazione comunale di Santa Croce Camerina, che ha accolto con entusiasmo la proposta, rendendo cos\u00ec possibile questo servizio fondamentale per la sicurezza dei cittadini.<br \/>\nL\u2019iniziativa \u00e8 frutto di donazioni raccolte negli anni in memoria di persone care da parte delle famiglie Gulino, Fidone, Barbaro, Sarmento Zucchero, che hanno voluto trasformare il dolore in un atto concreto di speranza e aiuto al prossimo.<br \/>\n\u00abQuello di oggi \u2013 dichiara Giuseppe Micelli dell\u2019associazione Astra \u2013 non \u00e8 solo un gesto simbolico, ma un messaggio forte di quanto la memoria possa trasformarsi in servizio. Un grazie speciale va alle famiglie che hanno reso tutto questo possibile, cos\u00ec come all\u2019amministrazione comunale per aver accolto la nostra proposta con sensibilit\u00e0 e tempestivit\u00e0\u00bb.<br \/>\nA rendere possibile l\u2019installazione del defibrillatore \u00e8 stata anche la disponibilit\u00e0 dell\u2019azienda \u201cArte e Tecnica Kamarinense\u201d dei fratelli Gaetano e Andrea Barone, che ha generosamente donato la struttura su cui \u00e8 stato posizionato il dispositivo.<br \/>\nIl momento di oggi \u00e8 anche l\u2019occasione per ricordare il ruolo centrale che l\u2019associazione Volontari Astra svolge quotidianamente sul territorio, offrendo servizi essenziali a favore delle fasce pi\u00f9 fragili della popolazione. Grazie al supporto di volontari e alla solidariet\u00e0 dei cittadini, Astra \u00e8 in grado di garantire: trasporti per disabili con due mezzi attrezzati con pedana per carrozzine, ambulanza per dimissioni e ricoveri, trasporti per visite specialistiche ed esami, servizio per pazienti emodializzati, ritiro farmaci e ricette mediche, disbrigo pratiche e ritiro presidi sanitari presso la farmacia territoriale di Ragusa, assistenza nelle domande per ausili come letti ospedalieri, carrozzine, deambulatori, supporto burocratico per la richiesta di accompagnamento.<br \/>\nUn impegno costante che conferma come il volontariato, se ben organizzato e sostenuto, possa rappresentare un pilastro concreto di welfare comunitario.<img fetchpriority=\"high\" decoding=\"async\" src=\"data:image\/gif;base64,R0lGODlhAQABAAAAACH5BAEKAAEALAAAAAABAAEAAAICTAEAOw==\" data-src=\"https:\/\/www.santacroceweb.com\/giornale1\/wp-content\/uploads\/2025\/05\/51c6017c-37ec-4d9a-973d-d41d11533764.jpeg\" alt=\"\" width=\"1200\" height=\"1600\" class=\"alignnone size-full wp-image-83342 lazyload\" data-sizes=\"auto\" data-srcset=\"https:\/\/www.santacroceweb.com\/giornale1\/wp-content\/uploads\/2025\/05\/51c6017c-37ec-4d9a-973d-d41d11533764.jpeg 1200w, https:\/\/www.santacroceweb.com\/giornale1\/wp-content\/uploads\/2025\/05\/51c6017c-37ec-4d9a-973d-d41d11533764-1152x1536.jpeg 1152w\" sizes=\"(max-width: 1200px) 100vw, 1200px\" \/><\/p>\n","protected":false},"excerpt":{"rendered":"<p>Un gesto di profonda solidariet\u00e0 e amore per la comunit\u00e0 si \u00e8 concretizzato oggi con l\u2019inaugurazione di un defibrillatore pubblico installato nella piazza di Punta Secca. L\u2019importante presidio salvavita \u00e8 stato donato dall\u2019associazione di volontariato Astra all\u2019amministrazione comunale di Santa Croce Camerina, che ha accolto con entusiasmo la proposta, rendendo cos\u00ec possibile questo servizio fondamentale [&hellip;]<\/p>\n","protected":false},"author":34,"featured_media":83341,"comment_status":"closed","ping_status":"open","sticky":false,"template":"","format":"standard","meta":{"footnotes":""},"categories":[8],"tags":[],"class_list":["post-83340","post","type-post","status-publish","format-standard","has-post-thumbnail","hentry","category-attualita"],"_links":{"self":[{"href":"https:\/\/www.santacroceweb.com\/index.php\/wp-json\/wp\/v2\/posts\/83340","targetHints":{"allow":["GET"]}}],"collection":[{"href":"https:\/\/www.santacroceweb.com\/index.php\/wp-json\/wp\/v2\/posts"}],"about":[{"href":"https:\/\/www.santacroceweb.com\/index.php\/wp-json\/wp\/v2\/types\/post"}],"author":[{"embeddable":true,"href":"https:\/\/www.santacroceweb.com\/index.php\/wp-json\/wp\/v2\/users\/34"}],"replies":[{"embeddable":true,"href":"https:\/\/www.santacroceweb.com\/index.php\/wp-json\/wp\/v2\/comments?post=83340"}],"version-history":[{"count":1,"href":"https:\/\/www.santacroceweb.com\/index.php\/wp-json\/wp\/v2\/posts\/83340\/revisions"}],"predecessor-version":[{"id":83343,"href":"https:\/\/www.santacroceweb.com\/index.php\/wp-json\/wp\/v2\/posts\/83340\/revisions\/83343"}],"wp:featuredmedia":[{"embeddable":true,"href":"https:\/\/www.santacroceweb.com\/index.php\/wp-json\/wp\/v2\/media\/83341"}],"wp:attachment":[{"href":"https:\/\/www.santacroceweb.com\/index.php\/wp-json\/wp\/v2\/media?parent=83340"}],"wp:term":[{"taxonomy":"category","embeddable":true,"href":"https:\/\/www.santacroceweb.com\/index.php\/wp-json\/wp\/v2\/categories?post=83340"},{"taxonomy":"post_tag","embeddable":true,"href":"https:\/\/www.santacroceweb.com\/index.php\/wp-json\/wp\/v2\/tags?post=83340"}],"curies":[{"name":"wp","href":"https:\/\/api.w.org\/{rel}","templated":true}]}}