{"id":83787,"date":"2025-08-19T20:07:34","date_gmt":"2025-08-19T18:07:34","guid":{"rendered":"https:\/\/www.santacroceweb.com\/?p=83787"},"modified":"2025-08-20T16:53:06","modified_gmt":"2025-08-20T14:53:06","slug":"volontari-uniti-per-una-punta-secca-piu-pulita","status":"publish","type":"post","link":"https:\/\/www.santacroceweb.com\/index.php\/2025\/08\/19\/volontari-uniti-per-una-punta-secca-piu-pulita\/","title":{"rendered":"Volontari uniti per una Punta Secca pi\u00f9 pulita"},"content":{"rendered":"<p>Punta Secca, 19 agosto 2025 \u2013 La comunit\u00e0 di Punta Secca ha dimostrato oggi il suo impegno per l&#8217;ambiente con una partecipata giornata di volontariato dedicata alla pulizia della spiaggia e dell&#8217;area del porto. L&#8217;evento, iniziato alle 18:00, ha visto cittadini di ogni et\u00e0 riunirsi al Campetto Beach, armati di guanti e tanta energia, per ridare splendore a uno dei luoghi pi\u00f9 amati del litorale.<br \/>\nL&#8217;iniziativa, promossa localmente, ha voluto essere un piccolo ma significativo gesto per sensibilizzare sulla cura dell&#8217;ambiente e sulla gestione dei rifiuti. I volontari hanno lavorato fianco a fianco, raccogliendo spazzatura e detriti, e trasformando un&#8217;azione di pulizia in un&#8217;occasione per stare insieme e fare qualcosa di concreto per la propria comunit\u00e0.<br \/>\nNonostante il duro lavoro, l&#8217;atmosfera \u00e8 stata di grande collaborazione e allegria. L&#8217;evento ha ribadito che, quando la comunit\u00e0 si unisce, anche un piccolo gesto pu\u00f2 fare una grande differenza per il bene comune. I volontari ringraziano l\u2019amministrazione comunale per il supporto logistico. E ovviamente, anche il Circolo nautico.<\/p>\n<p>La riuscita dell&#8217;iniziativa ha lasciato sperare in future azioni simili, a conferma che la tutela dell&#8217;ambiente \u00e8 una responsabilit\u00e0 condivisa che parte dal singolo cittadino. La spiaggia e il porto di Punta Secca, oggi pi\u00f9 puliti, sono la testimonianza visibile di questo impegno.<\/p>\n<p>&nbsp;<\/p>\n<p>Gianni Giacchi<\/p>\n","protected":false},"excerpt":{"rendered":"<p>Punta Secca, 19 agosto 2025 \u2013 La comunit\u00e0 di Punta Secca ha dimostrato oggi il suo impegno per l&#8217;ambiente con una partecipata giornata di volontariato dedicata alla pulizia della spiaggia e dell&#8217;area del porto. L&#8217;evento, iniziato alle 18:00, ha visto cittadini di ogni et\u00e0 riunirsi al Campetto Beach, armati di guanti e tanta energia, per [&hellip;]<\/p>\n","protected":false},"author":34,"featured_media":83788,"comment_status":"closed","ping_status":"open","sticky":false,"template":"","format":"standard","meta":{"footnotes":""},"categories":[8,11],"tags":[],"class_list":["post-83787","post","type-post","status-publish","format-standard","has-post-thumbnail","hentry","category-attualita","category-primopiano"],"_links":{"self":[{"href":"https:\/\/www.santacroceweb.com\/index.php\/wp-json\/wp\/v2\/posts\/83787","targetHints":{"allow":["GET"]}}],"collection":[{"href":"https:\/\/www.santacroceweb.com\/index.php\/wp-json\/wp\/v2\/posts"}],"about":[{"href":"https:\/\/www.santacroceweb.com\/index.php\/wp-json\/wp\/v2\/types\/post"}],"author":[{"embeddable":true,"href":"https:\/\/www.santacroceweb.com\/index.php\/wp-json\/wp\/v2\/users\/34"}],"replies":[{"embeddable":true,"href":"https:\/\/www.santacroceweb.com\/index.php\/wp-json\/wp\/v2\/comments?post=83787"}],"version-history":[{"count":4,"href":"https:\/\/www.santacroceweb.com\/index.php\/wp-json\/wp\/v2\/posts\/83787\/revisions"}],"predecessor-version":[{"id":83792,"href":"https:\/\/www.santacroceweb.com\/index.php\/wp-json\/wp\/v2\/posts\/83787\/revisions\/83792"}],"wp:featuredmedia":[{"embeddable":true,"href":"https:\/\/www.santacroceweb.com\/index.php\/wp-json\/wp\/v2\/media\/83788"}],"wp:attachment":[{"href":"https:\/\/www.santacroceweb.com\/index.php\/wp-json\/wp\/v2\/media?parent=83787"}],"wp:term":[{"taxonomy":"category","embeddable":true,"href":"https:\/\/www.santacroceweb.com\/index.php\/wp-json\/wp\/v2\/categories?post=83787"},{"taxonomy":"post_tag","embeddable":true,"href":"https:\/\/www.santacroceweb.com\/index.php\/wp-json\/wp\/v2\/tags?post=83787"}],"curies":[{"name":"wp","href":"https:\/\/api.w.org\/{rel}","templated":true}]}}