{"id":8413,"date":"2013-09-13T14:30:34","date_gmt":"2013-09-13T12:30:34","guid":{"rendered":"http:\/\/www.santacroceweb.com\/giornale1\/?p=8413"},"modified":"2013-09-13T18:10:42","modified_gmt":"2013-09-13T16:10:42","slug":"il-pronto-soccorso-non-ce-e-il-comando-dei-vigili-non-risponde-chi-garantisce-la-sicurezza-in-paese","status":"publish","type":"post","link":"https:\/\/www.santacroceweb.com\/index.php\/2013\/09\/13\/il-pronto-soccorso-non-ce-e-il-comando-dei-vigili-non-risponde-chi-garantisce-la-sicurezza-in-paese\/","title":{"rendered":"Il pronto soccorso non c&#8217;\u00e8 e il comando dei vigili non risponde: chi garantisce la sicurezza in paese?"},"content":{"rendered":"<p style=\"text-align: justify;\">Curiosando fra le notizie degli altri quotidiani, ci ha colpito un articolo a firma di Antigone, che conosciamo benissimo; quindi, facendo un po\u2019 di conti, riteniamo che il &#8220;paese qualsiasi&#8221; citato nel pezzo altro non \u00e8 che la nostra S.Croce. <strong><span style=\"text-decoration: underline;\"><a href=\"http:\/\/www.ragusaoggi.it\/36574\/chi-controlla-i-controllori\">Quello che la collega racconta (LEGGI QUI)<\/a><\/span><\/strong>\u00a0\u00e8 davvero molto grave, non tanto per il fatto in s\u00e9, ma per alcuni aspetti che la vicenda raccontata racchiude al proprio interno. Quindi alcune considerazioni sono doverose. Primo: se effettivamente i fatti sono andati nella maniera descritta &#8211; e cio\u00e8 che, un operatore del 118 chiama ininterrottamente dalle 15 alle 16 il comando dei Vigili Urbani (per segnalare una situazione di una certa gravit\u00e0) senza ricevere alcuna risposta &#8211; gi\u00e0 di per s\u00e9 destano apprensione, perch\u00e9 significa che, in quel lasso di tempo, il presidio \u00e8 sguarnito. E&#8217; ancora peggio se, una volta ottenuta una risposta, ci si senta dire &#8220;nun ci putiemu fari nenti&#8221;. Se tutto ci\u00f2 fosse vero, siamo davvero messi male. Seconda considerazione: se una persona si ferisce e si reca nel presidio sanitario di S.Croce, quantomeno per ricevere un primissimo intervento, deve passare dalle 20 in poi. In altre ore del giorno si deve arrangiare perch\u00e9 nella nostra citt\u00e0 non esiste un posto di primo intervento, c\u2019\u00e8 solo la postazione del 118 e, poi, come accennato prima, il servizio di guardia medica che inizia solo nelle ore serali. Terza considerazione: il malcapitato della vicenda raccontata pare sia rimasto chiuso all\u2019interno di un gabinetto pubblico e che, per poter uscire ha dovuto rompere il vetro della porta, (ferendosi ad un polso, con perdita di sangue) perch\u00e9 evidentemente l\u2019apertura di quella struttura funziona solo dall\u2019esterno. Il soggetto, protagonista suo malgrado, \u00e8 un uomo adulto con qualche problema, ma poteva essere un bambino, un anziano, un portatore di handicap e restare &#8220;prigioniero&#8221; in una struttura comunale &#8220;aperta&#8221; al pubblico \u00e8 davvero una cosa da non credere. Intanto l\u2019operatore del 118, da noi individuato e interpellato, ci ha confermato tutto, ci ha pure detto di aver informato della vicenda il sindaco e ha relazionato ai militari della locale stazione dei carabinieri. Noi prendiamo atto di quanto appreso, ad altri spetta l\u2019onere di accertare quello che effettivamente \u00e8 avvenuto.<\/p>\n<p style=\"text-align: right;\"><strong>Salvo Dimartino\u00a0<\/strong><\/p>\n<p style=\"text-align: center;\">Porta bagni pubblici vicino ufficio postale<\/p>\n<p style=\"text-align: center;\"><a href=\"https:\/\/www.santacroceweb.com\/giornale1\/wp-content\/uploads\/2013\/09\/1185718_672558096090244_1997191588_n11.jpg\"><img fetchpriority=\"high\" decoding=\"async\" class=\"aligncenter size-medium wp-image-8428 lazyload\" title=\"1185718_672558096090244_1997191588_n[1]\" src=\"data:image\/gif;base64,R0lGODlhAQABAAAAACH5BAEKAAEALAAAAAABAAEAAAICTAEAOw==\" data-src=\"https:\/\/www.santacroceweb.com\/giornale1\/wp-content\/uploads\/2013\/09\/1185718_672558096090244_1997191588_n11-300x225.jpg\" alt=\"\" width=\"300\" height=\"225\" data-sizes=\"auto\" data-srcset=\"https:\/\/www.santacroceweb.com\/giornale1\/wp-content\/uploads\/2013\/09\/1185718_672558096090244_1997191588_n11-300x225.jpg 300w, https:\/\/www.santacroceweb.com\/giornale1\/wp-content\/uploads\/2013\/09\/1185718_672558096090244_1997191588_n11-86x64.jpg 86w, https:\/\/www.santacroceweb.com\/giornale1\/wp-content\/uploads\/2013\/09\/1185718_672558096090244_1997191588_n11.jpg 600w\" sizes=\"(max-width: 300px) 100vw, 300px\" \/><\/a><\/p>\n","protected":false},"excerpt":{"rendered":"<p>Curiosando fra le notizie degli altri quotidiani, ci ha colpito un articolo a firma di Antigone, che conosciamo benissimo; quindi, facendo un po\u2019 di conti, riteniamo che il &#8220;paese qualsiasi&#8221; citato nel pezzo altro non \u00e8 che la nostra S.Croce. Quello che la collega racconta (LEGGI QUI)\u00a0\u00e8 davvero molto grave, non tanto per il fatto [&hellip;]<\/p>\n","protected":false},"author":34,"featured_media":8425,"comment_status":"open","ping_status":"open","sticky":false,"template":"","format":"standard","meta":{"footnotes":""},"categories":[8,7,1],"tags":[],"class_list":["post-8413","post","type-post","status-publish","format-standard","has-post-thumbnail","hentry","category-attualita","category-cronaca","category-news"],"_links":{"self":[{"href":"https:\/\/www.santacroceweb.com\/index.php\/wp-json\/wp\/v2\/posts\/8413","targetHints":{"allow":["GET"]}}],"collection":[{"href":"https:\/\/www.santacroceweb.com\/index.php\/wp-json\/wp\/v2\/posts"}],"about":[{"href":"https:\/\/www.santacroceweb.com\/index.php\/wp-json\/wp\/v2\/types\/post"}],"author":[{"embeddable":true,"href":"https:\/\/www.santacroceweb.com\/index.php\/wp-json\/wp\/v2\/users\/34"}],"replies":[{"embeddable":true,"href":"https:\/\/www.santacroceweb.com\/index.php\/wp-json\/wp\/v2\/comments?post=8413"}],"version-history":[{"count":0,"href":"https:\/\/www.santacroceweb.com\/index.php\/wp-json\/wp\/v2\/posts\/8413\/revisions"}],"wp:featuredmedia":[{"embeddable":true,"href":"https:\/\/www.santacroceweb.com\/index.php\/wp-json\/wp\/v2\/media\/8425"}],"wp:attachment":[{"href":"https:\/\/www.santacroceweb.com\/index.php\/wp-json\/wp\/v2\/media?parent=8413"}],"wp:term":[{"taxonomy":"category","embeddable":true,"href":"https:\/\/www.santacroceweb.com\/index.php\/wp-json\/wp\/v2\/categories?post=8413"},{"taxonomy":"post_tag","embeddable":true,"href":"https:\/\/www.santacroceweb.com\/index.php\/wp-json\/wp\/v2\/tags?post=8413"}],"curies":[{"name":"wp","href":"https:\/\/api.w.org\/{rel}","templated":true}]}}