{"id":84303,"date":"2025-08-22T13:53:52","date_gmt":"2025-08-22T11:53:52","guid":{"rendered":"https:\/\/www.santacroceweb.com\/?p=84303"},"modified":"2025-08-22T13:53:52","modified_gmt":"2025-08-22T11:53:52","slug":"biancazzurri-al-lavoro-sabato-test-congiunto-con-il-vittoria-fc","status":"publish","type":"post","link":"https:\/\/www.santacroceweb.com\/index.php\/2025\/08\/22\/biancazzurri-al-lavoro-sabato-test-congiunto-con-il-vittoria-fc\/","title":{"rendered":"Biancazzurri al lavoro: sabato test congiunto con il Vittoria FC"},"content":{"rendered":"<p>&nbsp;<\/p>\n<p>La seconda settimana di preparazione atletica del Santa Croce Calcio si concluder\u00e0 sabato pomeriggio con l&#8217;allenamento congiunto contro il Vittoria FC che si terr\u00e0 al campo &#8220;Vicari&#8221; della citt\u00e0 ipparina.<\/p>\n<p>\u00c8 stata un&#8217;altra settimana di intenso lavoro per la compagine biancazzurra, nella quale mister Campanaro ha &#8220;torchiato&#8221; i suoi uomini, svariando le sedute atletiche a quelle prettamente tecniche. Il gruppo di giocatori si \u00e8 rinfoltito ulteriormente con l&#8217;arrivo di diversi atleti in prova che continueranno ad allenarsi finch\u00e9 lo staff tecnico e la dirigenza decideranno sulla loro effettiva utilit\u00e0.<\/p>\n<p>Proprio gli allenamenti congiunti saranno un buon banco di prova per le decisioni finali e gi\u00e0 da sabato pomeriggio il trainer biancazzurro potr\u00e0 trarre qualche buona considerazione.<\/p>\n<p>Un&#8217;altra nota positiva da annotare il ritorno allo stadio &#8220;Angelo Mauro&#8221; di Santa Croce Camerina<span class=\"Apple-converted-space\">\u00a0 <\/span>dove tutta la settimana si \u00e8 allenata la squadra che a ricevuto il saluto dell&#8217;Assessore allo Sport Davide Mandar\u00e0 e del Presidente del Consiglio Luca Agnello.<\/p>\n<p>Di seguito le dichiarazioni del DS Rosario Scollo ( nella foto):<\/p>\n<p>&#8221; Abbiamo accolto con immenso piacere il ritorno nel nostro stadio per il proseguo della preparazione atletica. Ringraziamo per questo l&#8217;Amministrazione Comunale e l&#8217;Assessore allo Sport Davide Mandar\u00e0 e il Presidente del Consiglio Luca Agnello che hanno avuto la grande sensibilit\u00e0 di aver dato il loro saluto alla squadra.<\/p>\n<p>Mister Campanaro sta facendo un ottimo lavoro con la squadra che diligentemente si sta allenando seguendo i dettami del mister.<\/p>\n<p>Il gruppo \u00e8 cresciuto in questi giorni con l&#8217;innesto di nuovi giocatori che saranno visionati e valutati dallo staff tecnico per decidere il loro tesseramento.<\/p>\n<p>Ad oggi oltre ai riconfermati Alma, Romano e Simone Parisi; abbiamo tesseramento Valerio, Golisano, Wally, Di Rosa, Rechichi, Floridia e i giovani Salvatore Parisi, Occhipinti e Fiorilla.<\/p>\n<p>A giorni ufficializzeremo altri giocatori, ma resteremo sempre attenti al mercato fino alla fine dei trasferimenti.<\/p>\n<p>Intanto sabato saremo impegnati nell&#8217;allenamento congiunto con il Vittoria FC e gi\u00e0 potremo farci un&#8217;idea sui progressi della squadra&#8221;.<\/p>\n","protected":false},"excerpt":{"rendered":"<p>&nbsp; La seconda settimana di preparazione atletica del Santa Croce Calcio si concluder\u00e0 sabato pomeriggio con l&#8217;allenamento congiunto contro il Vittoria FC che si terr\u00e0 al campo &#8220;Vicari&#8221; della citt\u00e0 ipparina. \u00c8 stata un&#8217;altra settimana di intenso lavoro per la compagine biancazzurra, nella quale mister Campanaro ha &#8220;torchiato&#8221; i suoi uomini, svariando le sedute atletiche [&hellip;]<\/p>\n","protected":false},"author":34,"featured_media":84304,"comment_status":"closed","ping_status":"open","sticky":false,"template":"","format":"standard","meta":{"footnotes":""},"categories":[3],"tags":[],"class_list":["post-84303","post","type-post","status-publish","format-standard","has-post-thumbnail","hentry","category-sport"],"_links":{"self":[{"href":"https:\/\/www.santacroceweb.com\/index.php\/wp-json\/wp\/v2\/posts\/84303","targetHints":{"allow":["GET"]}}],"collection":[{"href":"https:\/\/www.santacroceweb.com\/index.php\/wp-json\/wp\/v2\/posts"}],"about":[{"href":"https:\/\/www.santacroceweb.com\/index.php\/wp-json\/wp\/v2\/types\/post"}],"author":[{"embeddable":true,"href":"https:\/\/www.santacroceweb.com\/index.php\/wp-json\/wp\/v2\/users\/34"}],"replies":[{"embeddable":true,"href":"https:\/\/www.santacroceweb.com\/index.php\/wp-json\/wp\/v2\/comments?post=84303"}],"version-history":[{"count":1,"href":"https:\/\/www.santacroceweb.com\/index.php\/wp-json\/wp\/v2\/posts\/84303\/revisions"}],"predecessor-version":[{"id":84305,"href":"https:\/\/www.santacroceweb.com\/index.php\/wp-json\/wp\/v2\/posts\/84303\/revisions\/84305"}],"wp:featuredmedia":[{"embeddable":true,"href":"https:\/\/www.santacroceweb.com\/index.php\/wp-json\/wp\/v2\/media\/84304"}],"wp:attachment":[{"href":"https:\/\/www.santacroceweb.com\/index.php\/wp-json\/wp\/v2\/media?parent=84303"}],"wp:term":[{"taxonomy":"category","embeddable":true,"href":"https:\/\/www.santacroceweb.com\/index.php\/wp-json\/wp\/v2\/categories?post=84303"},{"taxonomy":"post_tag","embeddable":true,"href":"https:\/\/www.santacroceweb.com\/index.php\/wp-json\/wp\/v2\/tags?post=84303"}],"curies":[{"name":"wp","href":"https:\/\/api.w.org\/{rel}","templated":true}]}}