{"id":84315,"date":"2025-08-22T21:14:57","date_gmt":"2025-08-22T19:14:57","guid":{"rendered":"https:\/\/www.santacroceweb.com\/?p=84315"},"modified":"2025-08-22T21:15:50","modified_gmt":"2025-08-22T19:15:50","slug":"lettera-a-chi-ha-profanato-la-tomba-di-mia-madre","status":"publish","type":"post","link":"https:\/\/www.santacroceweb.com\/index.php\/2025\/08\/22\/lettera-a-chi-ha-profanato-la-tomba-di-mia-madre\/","title":{"rendered":"\u201cLettera a chi ha profanato la tomba di mia madre\u201d"},"content":{"rendered":"<p class=\"p2\"><span class=\"s1\">Un gesto vile e ingiustificabile ha colpito una sepoltura del cimitero di Santa Croce Camerina: dalla lapide \u00e8 stato sottratto un numero identificativo. Un atto che, oltre al danno materiale, rappresenta una profonda mancanza di rispetto verso la memoria dei defunti e il dolore di chi resta. A denunciare l\u2019accaduto \u00e8 un familiare, che ha deciso di affidare a una lettera aperta la propria amarezza e il proprio sdegno.<\/span><\/p>\n<p>&nbsp;<\/p>\n<p><strong>Lettera aperta a chi ha profanato la tomba di mia madre<\/strong><\/p>\n<p><em>Con profonda amarezza e disappunto mi trovo a scrivere queste righe, dopo aver scoperto che sulla tomba di mia madre \u00e8 stato rubato un numero identificativo, evidentemente sottratto per essere riutilizzato altrove.<\/em><br \/>\n<em>Non riesco a trovare giustificazioni per un gesto tanto meschino quanto irrispettoso. Chiunque tu sia, hai deciso che il bisogno di un \u201cnumero\u201d giustificasse il profanare il luogo sacro dove riposa una persona amata, una madre, una donna che ha avuto una vita, una storia, degli affetti.Hai tolto qualcosa non solo da una lapide, ma dalla memoria e dalla dignit\u00e0 che ogni essere umano merita anche dopo la morte.<\/em><br \/>\n<em>Il cimitero dovrebbe essere un luogo di silenzio, rispetto e raccoglimento. Un luogo dove il dolore trova quiete, non rabbia. Invece, oggi, mi trovo costretto a difendere la memoria di mia madre da atti che definire \u201cvandalici\u201d \u00e8 riduttivo: sono gesti che offendono la dignit\u00e0 umana.<\/em><br \/>\n<em>Non so chi tu sia, n\u00e9 probabilmente lo sapr\u00f2 mai. Ma spero che almeno queste parole possano toccarti, anche solo per un istante. Perch\u00e9 chi ruba in un cimitero, forse, ha dimenticato cosa significa avere rispetto. Non solo per i morti, ma anche per i vivi.<\/em><\/p>\n<p>Lettera firmata<\/p>\n","protected":false},"excerpt":{"rendered":"<p>Un gesto vile e ingiustificabile ha colpito una sepoltura del cimitero di Santa Croce Camerina: dalla lapide \u00e8 stato sottratto un numero identificativo. Un atto che, oltre al danno materiale, rappresenta una profonda mancanza di rispetto verso la memoria dei defunti e il dolore di chi resta. A denunciare l\u2019accaduto \u00e8 un familiare, che ha [&hellip;]<\/p>\n","protected":false},"author":34,"featured_media":84316,"comment_status":"closed","ping_status":"open","sticky":false,"template":"","format":"standard","meta":{"footnotes":""},"categories":[8],"tags":[],"class_list":["post-84315","post","type-post","status-publish","format-standard","has-post-thumbnail","hentry","category-attualita"],"_links":{"self":[{"href":"https:\/\/www.santacroceweb.com\/index.php\/wp-json\/wp\/v2\/posts\/84315","targetHints":{"allow":["GET"]}}],"collection":[{"href":"https:\/\/www.santacroceweb.com\/index.php\/wp-json\/wp\/v2\/posts"}],"about":[{"href":"https:\/\/www.santacroceweb.com\/index.php\/wp-json\/wp\/v2\/types\/post"}],"author":[{"embeddable":true,"href":"https:\/\/www.santacroceweb.com\/index.php\/wp-json\/wp\/v2\/users\/34"}],"replies":[{"embeddable":true,"href":"https:\/\/www.santacroceweb.com\/index.php\/wp-json\/wp\/v2\/comments?post=84315"}],"version-history":[{"count":2,"href":"https:\/\/www.santacroceweb.com\/index.php\/wp-json\/wp\/v2\/posts\/84315\/revisions"}],"predecessor-version":[{"id":84318,"href":"https:\/\/www.santacroceweb.com\/index.php\/wp-json\/wp\/v2\/posts\/84315\/revisions\/84318"}],"wp:featuredmedia":[{"embeddable":true,"href":"https:\/\/www.santacroceweb.com\/index.php\/wp-json\/wp\/v2\/media\/84316"}],"wp:attachment":[{"href":"https:\/\/www.santacroceweb.com\/index.php\/wp-json\/wp\/v2\/media?parent=84315"}],"wp:term":[{"taxonomy":"category","embeddable":true,"href":"https:\/\/www.santacroceweb.com\/index.php\/wp-json\/wp\/v2\/categories?post=84315"},{"taxonomy":"post_tag","embeddable":true,"href":"https:\/\/www.santacroceweb.com\/index.php\/wp-json\/wp\/v2\/tags?post=84315"}],"curies":[{"name":"wp","href":"https:\/\/api.w.org\/{rel}","templated":true}]}}