{"id":84353,"date":"2025-08-27T12:18:11","date_gmt":"2025-08-27T10:18:11","guid":{"rendered":"https:\/\/www.santacroceweb.com\/?p=84353"},"modified":"2025-08-27T12:18:11","modified_gmt":"2025-08-27T10:18:11","slug":"mare-senza-frontiere-anche-a-punta-secca-e-casuzze-spiagge-inclusive-e-accessibili-per-tutti","status":"publish","type":"post","link":"https:\/\/www.santacroceweb.com\/index.php\/2025\/08\/27\/mare-senza-frontiere-anche-a-punta-secca-e-casuzze-spiagge-inclusive-e-accessibili-per-tutti\/","title":{"rendered":"\u201cMare senza frontiere\u201d: anche a Punta Secca e Casuzze spiagge inclusive e accessibili per tutti"},"content":{"rendered":"<p>Anche quest\u2019estate, \u00e8 stato vero successo, \u201cMare senza frontiere\u201d, il progetto promosso dall\u2019ASP di Ragusa insieme ai Comuni della provincia per rendere le spiagge realmente accessibili. Giunto alla sua settima edizione, grazie al protocollo d\u2019intesa con le Amministrazioni comunali, che hanno messo a disposizione spazi attrezzati per l\u2019accoglienza delle persone con disabilit\u00e0.<\/p>\n<p>L\u2019iniziativa pensata per offrire un sostegno concreto a famiglie e associazioni che si occupano di soggetti con disabilit\u00e0 neuromotorie, fisiche, intellettive o sensoriali, ha garantito anche quest&#8217;anno nel comune di Santa Croce Camerina la possibilit\u00e0 di godere del mare in sicurezza, con l&#8217;apporto di due operatori socio-sanitari attivi per l&#8217;accompagnamento e assistenza in spiaggia, a chi ha difficolt\u00e0 motorie o necessita di un supporto qualificato per accedere al mare.<\/p>\n<p>Punta Secca, cos\u00ec come Casuzze vicino a Lido Selene, \u201cMare senza frontiere \u00e8 diventato un tassello importante per portare i servizi sanitari e sociali sempre pi\u00f9 vicini alle persone ed ha dato pure concretezza, perch\u00e9 ha promosso l&#8217; inclusione e la partecipazione, garantendo a ogni cittadino il diritto di vivere il mare e gli spazi pubblici senza ostacoli. Il grazie degli utenti \u00e8 andato al personale sanitario che in modo attento e delicato ha coccolato &#8220;la persona&#8221;, ma soprattutto al direttore Generale dell&#8217;ASP di Ragusa dott. Pino Drago che \u00e8 sempre molto attento alle politiche e dinamiche sociali che vanno verso l&#8217;inclusione, l&#8217;altruismo e la solidariet\u00e0.<\/p>\n","protected":false},"excerpt":{"rendered":"<p>Anche quest\u2019estate, \u00e8 stato vero successo, \u201cMare senza frontiere\u201d, il progetto promosso dall\u2019ASP di Ragusa insieme ai Comuni della provincia per rendere le spiagge realmente accessibili. Giunto alla sua settima edizione, grazie al protocollo d\u2019intesa con le Amministrazioni comunali, che hanno messo a disposizione spazi attrezzati per l\u2019accoglienza delle persone con disabilit\u00e0. L\u2019iniziativa pensata per [&hellip;]<\/p>\n","protected":false},"author":26,"featured_media":84354,"comment_status":"closed","ping_status":"open","sticky":false,"template":"","format":"standard","meta":{"footnotes":""},"categories":[8,11],"tags":[],"class_list":["post-84353","post","type-post","status-publish","format-standard","has-post-thumbnail","hentry","category-attualita","category-primopiano"],"_links":{"self":[{"href":"https:\/\/www.santacroceweb.com\/index.php\/wp-json\/wp\/v2\/posts\/84353","targetHints":{"allow":["GET"]}}],"collection":[{"href":"https:\/\/www.santacroceweb.com\/index.php\/wp-json\/wp\/v2\/posts"}],"about":[{"href":"https:\/\/www.santacroceweb.com\/index.php\/wp-json\/wp\/v2\/types\/post"}],"author":[{"embeddable":true,"href":"https:\/\/www.santacroceweb.com\/index.php\/wp-json\/wp\/v2\/users\/26"}],"replies":[{"embeddable":true,"href":"https:\/\/www.santacroceweb.com\/index.php\/wp-json\/wp\/v2\/comments?post=84353"}],"version-history":[{"count":1,"href":"https:\/\/www.santacroceweb.com\/index.php\/wp-json\/wp\/v2\/posts\/84353\/revisions"}],"predecessor-version":[{"id":84355,"href":"https:\/\/www.santacroceweb.com\/index.php\/wp-json\/wp\/v2\/posts\/84353\/revisions\/84355"}],"wp:featuredmedia":[{"embeddable":true,"href":"https:\/\/www.santacroceweb.com\/index.php\/wp-json\/wp\/v2\/media\/84354"}],"wp:attachment":[{"href":"https:\/\/www.santacroceweb.com\/index.php\/wp-json\/wp\/v2\/media?parent=84353"}],"wp:term":[{"taxonomy":"category","embeddable":true,"href":"https:\/\/www.santacroceweb.com\/index.php\/wp-json\/wp\/v2\/categories?post=84353"},{"taxonomy":"post_tag","embeddable":true,"href":"https:\/\/www.santacroceweb.com\/index.php\/wp-json\/wp\/v2\/tags?post=84353"}],"curies":[{"name":"wp","href":"https:\/\/api.w.org\/{rel}","templated":true}]}}