{"id":84356,"date":"2025-08-28T11:09:59","date_gmt":"2025-08-28T09:09:59","guid":{"rendered":"https:\/\/www.santacroceweb.com\/?p=84356"},"modified":"2025-08-28T11:22:30","modified_gmt":"2025-08-28T09:22:30","slug":"dal-dolore-alla-speranza-donazione-di-fegato-e-cornee-al-maggiore-baglieri-di-modica","status":"publish","type":"post","link":"https:\/\/www.santacroceweb.com\/index.php\/2025\/08\/28\/dal-dolore-alla-speranza-donazione-di-fegato-e-cornee-al-maggiore-baglieri-di-modica\/","title":{"rendered":"Dal dolore alla speranza: donazione di fegato e cornee al \u201cMaggiore-Baglieri\u201d di Modica"},"content":{"rendered":"<div data-originalfontsize=\"12pt\" data-originalcomputedfontsize=\"16\">Un gesto di grande generosit\u00e0 ha caratterizzato, nelle scorse ore, l\u2019attivit\u00e0 dell\u2019ospedale \u201cMaggiore-Baglieri\u201d di Modica, dove \u00e8 stato effettuato un prelievo di fegato e cornee. A seguito dell\u2019accertamento di morte cerebrale di un uomo di 74 anni, modicano, colpito da emorragia cerebrale, la famiglia ha acconsentito alla donazione degli organi.<\/div>\n<div data-originalfontsize=\"12pt\" data-originalcomputedfontsize=\"16\">Si \u00e8 cos\u00ec avviata la complessa macchina del prelievo, che ha visto impegnate tutte le sue componenti: dai medici e dagli infermieri dell\u2019U.O.C. di Anestesia e Rianimazione, diretta dal dottor Rosario Trombadore, che nei giorni precedenti hanno garantito la stabilit\u00e0 e le funzioni vitali del paziente; passando per il personale della sala operatoria e l\u2019\u00e9quipe specializzata dell\u2019Ismett di Palermo. Determinante, inoltre, l\u2019intervento del Direttore dell\u2019U.O.C. di Oculistica dell\u2019ospedale \u201cGiovanni Paolo II\u201d di Ragusa.<\/div>\n<div data-originalfontsize=\"12pt\" data-originalcomputedfontsize=\"16\">L\u2019intera procedura si \u00e8 svolta sotto la supervisione del Centro Regionale Trapianti (CRT) Sicilia, che coordina ogni fase dei prelievi nell\u2019Isola.<br \/>\nIl fegato \u00e8 gi\u00e0 stato trapiantato all\u2019Ismett di Palermo, mentre le cornee sono state assegnate a pazienti in lista d\u2019attesa, offrendo loro una nuova possibilit\u00e0 di cura e di speranza. Fondamentale, in questa catena di solidariet\u00e0, anche il supporto del personale Seus-118, che ha garantito il rapido trasferimento degli organi e dei tessuti prelevati presso i centri di analisi, nel pieno rispetto dei protocolli di sicurezza.<\/div>\n<div data-originalfontsize=\"12pt\" data-originalcomputedfontsize=\"16\">\u00abOgni donazione &#8211; evidenzia il Direttore generale dell\u2019ASP di Ragusa, Giuseppe Drago &#8211; \u00e8 una scelta che nasce dal dolore, ma che diventa vita e speranza. Questo risultato \u00e8 reso possibile dalla generosit\u00e0 della famiglia del donatore, che ringrazio, e dalla professionalit\u00e0 di chi lavora quotidianamente per far s\u00ec che il nostro ospedale sia parte attiva e concreta della rete regionale dei trapianti\u00bb. Il Direttore generale ha sottolineato, inoltre, come ogni prelievo sia il frutto di un lavoro corale che unisce famiglie, operatori sanitari e sistemi di emergenza, ricordando che \u00abla diffusione della cultura della donazione rappresenta un valore fondamentale per l\u2019intera comunit\u00e0\u00bb.<\/div>\n","protected":false},"excerpt":{"rendered":"<p>Un gesto di grande generosit\u00e0 ha caratterizzato, nelle scorse ore, l\u2019attivit\u00e0 dell\u2019ospedale \u201cMaggiore-Baglieri\u201d di Modica, dove \u00e8 stato effettuato un prelievo di fegato e cornee. A seguito dell\u2019accertamento di morte cerebrale di un uomo di 74 anni, modicano, colpito da emorragia cerebrale, la famiglia ha acconsentito alla donazione degli organi. Si \u00e8 cos\u00ec avviata la [&hellip;]<\/p>\n","protected":false},"author":34,"featured_media":84357,"comment_status":"closed","ping_status":"open","sticky":false,"template":"","format":"standard","meta":{"footnotes":""},"categories":[22],"tags":[],"class_list":["post-84356","post","type-post","status-publish","format-standard","has-post-thumbnail","hentry","category-provincia"],"_links":{"self":[{"href":"https:\/\/www.santacroceweb.com\/index.php\/wp-json\/wp\/v2\/posts\/84356","targetHints":{"allow":["GET"]}}],"collection":[{"href":"https:\/\/www.santacroceweb.com\/index.php\/wp-json\/wp\/v2\/posts"}],"about":[{"href":"https:\/\/www.santacroceweb.com\/index.php\/wp-json\/wp\/v2\/types\/post"}],"author":[{"embeddable":true,"href":"https:\/\/www.santacroceweb.com\/index.php\/wp-json\/wp\/v2\/users\/34"}],"replies":[{"embeddable":true,"href":"https:\/\/www.santacroceweb.com\/index.php\/wp-json\/wp\/v2\/comments?post=84356"}],"version-history":[{"count":1,"href":"https:\/\/www.santacroceweb.com\/index.php\/wp-json\/wp\/v2\/posts\/84356\/revisions"}],"predecessor-version":[{"id":84358,"href":"https:\/\/www.santacroceweb.com\/index.php\/wp-json\/wp\/v2\/posts\/84356\/revisions\/84358"}],"wp:featuredmedia":[{"embeddable":true,"href":"https:\/\/www.santacroceweb.com\/index.php\/wp-json\/wp\/v2\/media\/84357"}],"wp:attachment":[{"href":"https:\/\/www.santacroceweb.com\/index.php\/wp-json\/wp\/v2\/media?parent=84356"}],"wp:term":[{"taxonomy":"category","embeddable":true,"href":"https:\/\/www.santacroceweb.com\/index.php\/wp-json\/wp\/v2\/categories?post=84356"},{"taxonomy":"post_tag","embeddable":true,"href":"https:\/\/www.santacroceweb.com\/index.php\/wp-json\/wp\/v2\/tags?post=84356"}],"curies":[{"name":"wp","href":"https:\/\/api.w.org\/{rel}","templated":true}]}}