{"id":84384,"date":"2025-09-02T11:55:32","date_gmt":"2025-09-02T09:55:32","guid":{"rendered":"https:\/\/www.santacroceweb.com\/?p=84384"},"modified":"2025-09-02T11:55:32","modified_gmt":"2025-09-02T09:55:32","slug":"i-residenti-di-punta-braccetto-protestano-vogliamo-un-torrente-pulito-e-un-ponte-sicuro","status":"publish","type":"post","link":"https:\/\/www.santacroceweb.com\/index.php\/2025\/09\/02\/i-residenti-di-punta-braccetto-protestano-vogliamo-un-torrente-pulito-e-un-ponte-sicuro\/","title":{"rendered":"I residenti di Punta Braccetto protestano: \u00abVogliamo un torrente pulito e un ponte sicuro\u00bb"},"content":{"rendered":"<p class=\"p2\"><span class=\"s1\">\u00abPunta Braccetto: torrente pulito e il ponte che unisce due Comuni in sicurezza\u00bb. \u00c8 questo uno degli slogan apparsi sugli striscioni esposti domenica scorsa dai cittadini di Punta Braccetto, che si sono ritrovati sul ponte della cava Mistretta per una manifestazione di protesta promossa dall\u2019associazione <\/span><span class=\"s2\">Pro Punta Braccetto<\/span><span class=\"s1\">.<\/span><\/p>\n<p class=\"p2\"><span class=\"s1\">L\u2019iniziativa nasce dalla persistente mancata pulizia del torrente, gi\u00e0 causa di gravi danni durante l\u2019ondata di maltempo del febbraio 2023. \u00ab\u00c8 un problema che riguarda tutti. Vogliamo un torrente pulito e un ponte sicuro, con interventi di manutenzione eseguiti secondo la norma. Non possiamo pi\u00f9 aspettare\u00bb, hanno spiegato durante la manifestazione. <\/span><span class=\"s1\">Il presidente dell\u2019associazione, Carmelo Traina, denuncia da tempo la pericolosit\u00e0 della situazione: pi\u00f9 volte, anche tramite Pec ufficiali indirizzate ad Autorit\u00e0 di bacino, Genio civile, Protezione civile regionale, Prefetto e Comune di Ragusa, \u00e8 stato chiesto un intervento urgente. La comunicazione \u00e8 stata accompagnata anche da 306 firme di residenti e villeggianti. <\/span>\u00abDurante i lavori dello scorso anno, i materiali vegetali rimossi non sono stati smaltiti correttamente \u2013 aveva spiegato Traina \u2013 ma accumulati sul letto del torrente e coperti di terra. Una pratica contraria alle norme, che oggi aggrava ulteriormente la situazione. Se dovessero verificarsi piogge intense, il rischio \u00e8 quello di un altro disastro ambientale\u00bb.<\/p>\n<p>&nbsp;<\/p>\n<p><em>fonte La Sicilia\u00a0<\/em><\/p>\n","protected":false},"excerpt":{"rendered":"<p>\u00abPunta Braccetto: torrente pulito e il ponte che unisce due Comuni in sicurezza\u00bb. \u00c8 questo uno degli slogan apparsi sugli striscioni esposti domenica scorsa dai cittadini di Punta Braccetto, che si sono ritrovati sul ponte della cava Mistretta per una manifestazione di protesta promossa dall\u2019associazione Pro Punta Braccetto. L\u2019iniziativa nasce dalla persistente mancata pulizia del [&hellip;]<\/p>\n","protected":false},"author":34,"featured_media":84385,"comment_status":"closed","ping_status":"open","sticky":false,"template":"","format":"standard","meta":{"footnotes":""},"categories":[8],"tags":[],"class_list":["post-84384","post","type-post","status-publish","format-standard","has-post-thumbnail","hentry","category-attualita"],"_links":{"self":[{"href":"https:\/\/www.santacroceweb.com\/index.php\/wp-json\/wp\/v2\/posts\/84384","targetHints":{"allow":["GET"]}}],"collection":[{"href":"https:\/\/www.santacroceweb.com\/index.php\/wp-json\/wp\/v2\/posts"}],"about":[{"href":"https:\/\/www.santacroceweb.com\/index.php\/wp-json\/wp\/v2\/types\/post"}],"author":[{"embeddable":true,"href":"https:\/\/www.santacroceweb.com\/index.php\/wp-json\/wp\/v2\/users\/34"}],"replies":[{"embeddable":true,"href":"https:\/\/www.santacroceweb.com\/index.php\/wp-json\/wp\/v2\/comments?post=84384"}],"version-history":[{"count":1,"href":"https:\/\/www.santacroceweb.com\/index.php\/wp-json\/wp\/v2\/posts\/84384\/revisions"}],"predecessor-version":[{"id":84386,"href":"https:\/\/www.santacroceweb.com\/index.php\/wp-json\/wp\/v2\/posts\/84384\/revisions\/84386"}],"wp:featuredmedia":[{"embeddable":true,"href":"https:\/\/www.santacroceweb.com\/index.php\/wp-json\/wp\/v2\/media\/84385"}],"wp:attachment":[{"href":"https:\/\/www.santacroceweb.com\/index.php\/wp-json\/wp\/v2\/media?parent=84384"}],"wp:term":[{"taxonomy":"category","embeddable":true,"href":"https:\/\/www.santacroceweb.com\/index.php\/wp-json\/wp\/v2\/categories?post=84384"},{"taxonomy":"post_tag","embeddable":true,"href":"https:\/\/www.santacroceweb.com\/index.php\/wp-json\/wp\/v2\/tags?post=84384"}],"curies":[{"name":"wp","href":"https:\/\/api.w.org\/{rel}","templated":true}]}}