{"id":84395,"date":"2025-09-03T16:05:24","date_gmt":"2025-09-03T14:05:24","guid":{"rendered":"https:\/\/www.santacroceweb.com\/?p=84395"},"modified":"2025-09-03T16:06:30","modified_gmt":"2025-09-03T14:06:30","slug":"la-comunita-si-prepara-ad-abbracciare-santa-rosalia-la-festa-esterna-il-5-ottobre","status":"publish","type":"post","link":"https:\/\/www.santacroceweb.com\/index.php\/2025\/09\/03\/la-comunita-si-prepara-ad-abbracciare-santa-rosalia-la-festa-esterna-il-5-ottobre\/","title":{"rendered":"La Comunit\u00e0 si prepara ad abbracciare Santa Rosalia, la festa esterna il 5 ottobre"},"content":{"rendered":"<p class=\"p1\"><span class=\"s1\">La comunit\u00e0 parrocchiale si prepara a vivere con gioia e devozione la festa esterna in onore di Santa Rosalia, Patrona della citt\u00e0. Con una lettera rivolta ai parrocchiani e a tutti i cittadini, il parroco don Tonino Puglisi, insieme al Comitato feste, ha comunicato ufficialmente il programma e le motivazioni che hanno portato alla scelta della data.<\/span><\/p>\n<p class=\"p1\"><span class=\"s1\">Di seguito il testo integrale:<\/span><\/p>\n<p class=\"p1\"><span class=\"s1\">\u2e3b<\/span><\/p>\n<p class=\"p1\"><em><span class=\"s1\">Carissimi parrocchiani e cittadini tutti, vi comunico con gioia che celebreremo la festa esterna della Patrona della nostra citt\u00e0, Santa Rosalia, domenica 5 ottobre.<\/span><\/em><\/p>\n<p class=\"p1\"><em><span class=\"s1\">Abbiamo ritenuto opportuno in comune accordo con il Comitato feste, scegliere questa data per facilitare la partecipazione di quante pi\u00f9 persone possibile, tenendo conto che fino alla riapertura delle scuole molte famiglie saranno ancora presso le localit\u00e0 balneari; <\/span>\u00e8 vero che i numeri non sono tutto, ma \u00e8 anche vero che, se partecipano meno persone, la prima impressione \u00e8 che ci sia poca devozione.<\/em><\/p>\n<p class=\"p1\"><em><span class=\"s1\">Questo lasso di tempo pi\u00f9 ampio, inoltre, dar\u00e0 modo al comitato di effettuare una questua che auspichiamo generosa, sia per le spese relative ai festeggiamenti, che per contribuire alle spese correnti della parrocchia.<\/span><\/em><\/p>\n<p class=\"p1\"><em><span class=\"s1\">Intanto, dopodomani 4 settembre, a conclusione della santa messa presieduta da don Alessio Leggio, al quale daremo un caloroso saluto di ringraziamento e di augurio per il ministero pastorale che eserciter\u00e0 nella parrocchia San Domenico Savio in Vittoria, riceveremo la benedizione con la reliquia della santa patrona custodita in parrocchia.<\/span><\/em><\/p>\n<p class=\"p1\"><em><span class=\"s1\">Dal 4 settembre al 4 ottobre la reliquia sar\u00e0 esposta alla venerazione sul fercolo nel transetto sinistro della chiesa.<\/span><\/em><\/p>\n<p class=\"p1\"><em><span class=\"s1\">Sabato 4 ottobre il simulacro della patrona sar\u00e0 posto sul fercolo in vista della processione della festa, che inizier\u00e0 domenica 5 alle ore 18.00.<\/span><\/em><\/p>\n<p class=\"p1\"><em><span class=\"s1\">La messa vespertina del 5 ottobre sar\u00e0 celebrata regolarmente alle 19.00, dopo l\u2019uscita del simulacro.<\/span><\/em><\/p>\n<p class=\"p1\"><em><span class=\"s1\">Sempre domenica 5 ottobre, durante la messa delle 11.00, le catechiste, gli educatori Acr e i capi Scout riceveranno, insieme ai bambini e ai ragazzi che si preparano a ricevere i Sacramenti, la benedizione per l\u2019inizio dell\u2019anno catechistico e saranno affidati alla protezione della Santa Patrona, affinch\u00e9 crescano nelle Virt\u00f9 cristiane e siano preservati da ogni pericolo.<\/span><\/em><\/p>\n<p class=\"p1\"><em><span class=\"s1\">La mattina del 5 ottobre si terr\u00e0, a partire dalle 10.30, la tradizionale asta con la vendita dei beni che saranno raccolti nella questua effettuata per le vie della citt\u00e0.<\/span><\/em><\/p>\n<p class=\"p1\"><em><span class=\"s1\">Gi\u00e0 da oggi alcuni membri del Comitato dei festeggiamenti, muniti di un tesserino di riconoscimento con l\u2019intestazione della parrocchia e la mia firma, inizieranno la raccolta delle offerte sia nelle localit\u00e0 di villeggiatura che in citt\u00e0.<\/span><\/em><\/p>\n<p class=\"p1\"><em><span class=\"s1\">Vi invito ad essere generosi come sempre.<\/span><\/em><\/p>\n<p class=\"p1\"><em><span class=\"s1\">Grazie a tutti.<\/span><\/em><\/p>\n<p class=\"p1\"><em><span class=\"s1\">Dio vi benedica.<\/span><\/em><\/p>\n<p class=\"p1\"><strong><span class=\"s1\">Il parroco don Tonino Puglisi <\/span><\/strong><\/p>\n<p class=\"p1\"><strong><span class=\"s1\">ed il Comitato feste<\/span><\/strong><\/p>\n","protected":false},"excerpt":{"rendered":"<p>La comunit\u00e0 parrocchiale si prepara a vivere con gioia e devozione la festa esterna in onore di Santa Rosalia, Patrona della citt\u00e0. Con una lettera rivolta ai parrocchiani e a tutti i cittadini, il parroco don Tonino Puglisi, insieme al Comitato feste, ha comunicato ufficialmente il programma e le motivazioni che hanno portato alla scelta [&hellip;]<\/p>\n","protected":false},"author":34,"featured_media":84396,"comment_status":"closed","ping_status":"open","sticky":false,"template":"","format":"standard","meta":{"footnotes":""},"categories":[8],"tags":[],"class_list":["post-84395","post","type-post","status-publish","format-standard","has-post-thumbnail","hentry","category-attualita"],"_links":{"self":[{"href":"https:\/\/www.santacroceweb.com\/index.php\/wp-json\/wp\/v2\/posts\/84395","targetHints":{"allow":["GET"]}}],"collection":[{"href":"https:\/\/www.santacroceweb.com\/index.php\/wp-json\/wp\/v2\/posts"}],"about":[{"href":"https:\/\/www.santacroceweb.com\/index.php\/wp-json\/wp\/v2\/types\/post"}],"author":[{"embeddable":true,"href":"https:\/\/www.santacroceweb.com\/index.php\/wp-json\/wp\/v2\/users\/34"}],"replies":[{"embeddable":true,"href":"https:\/\/www.santacroceweb.com\/index.php\/wp-json\/wp\/v2\/comments?post=84395"}],"version-history":[{"count":2,"href":"https:\/\/www.santacroceweb.com\/index.php\/wp-json\/wp\/v2\/posts\/84395\/revisions"}],"predecessor-version":[{"id":84398,"href":"https:\/\/www.santacroceweb.com\/index.php\/wp-json\/wp\/v2\/posts\/84395\/revisions\/84398"}],"wp:featuredmedia":[{"embeddable":true,"href":"https:\/\/www.santacroceweb.com\/index.php\/wp-json\/wp\/v2\/media\/84396"}],"wp:attachment":[{"href":"https:\/\/www.santacroceweb.com\/index.php\/wp-json\/wp\/v2\/media?parent=84395"}],"wp:term":[{"taxonomy":"category","embeddable":true,"href":"https:\/\/www.santacroceweb.com\/index.php\/wp-json\/wp\/v2\/categories?post=84395"},{"taxonomy":"post_tag","embeddable":true,"href":"https:\/\/www.santacroceweb.com\/index.php\/wp-json\/wp\/v2\/tags?post=84395"}],"curies":[{"name":"wp","href":"https:\/\/api.w.org\/{rel}","templated":true}]}}