{"id":84581,"date":"2025-10-03T18:22:36","date_gmt":"2025-10-03T16:22:36","guid":{"rendered":"https:\/\/www.santacroceweb.com\/?p=84581"},"modified":"2025-10-03T18:22:36","modified_gmt":"2025-10-03T16:22:36","slug":"il-si-di-paolo-e-marta-auguri-da-santacroceweb","status":"publish","type":"post","link":"https:\/\/www.santacroceweb.com\/index.php\/2025\/10\/03\/il-si-di-paolo-e-marta-auguri-da-santacroceweb\/","title":{"rendered":"Il \u201cs\u00ec\u201d di Paolo e Marta: auguri da Santacroceweb"},"content":{"rendered":"<p>Una giornata di festa, emozioni e sorrisi: oggi il giornalista Paolo Mandar\u00e0 e Marta Gulino hanno pronunciato il loro \u201cs\u00ec\u201d nella suggestiva cornice della Tenuta Chiaramonte, circondati dall\u2019affetto di amici e parenti.<br \/>\nA celebrare il rito civile \u00e8 stato Peppino Sottile, direttore di Buttanissima Sicilia ed ex vicedirettore di Italia 1 Mediaset, che ha reso ancora pi\u00f9 solenne e speciale il momento.<br \/>\nPer la redazione di Santa Croce Web questo matrimonio assume un significato particolare: Paolo, infatti, \u00e8 stato storico direttore della nostra testata, guidandola sin dalla sua nascita con passione e competenza in anni fondamentali della sua crescita. Vederlo oggi raggiungere un nuovo traguardo di vita, insieme alla sua Marta, ci riempie di gioia e orgoglio.<br \/>\nA entrambi rivolgiamo i nostri pi\u00f9 sinceri auguri di felicit\u00e0 e serenit\u00e0 per un futuro luminoso, ricco di amore e nuovi successi.<\/p>\n<p>Auguri da tutta Santa Croce Web!<\/p>\n<p><img fetchpriority=\"high\" decoding=\"async\" src=\"data:image\/gif;base64,R0lGODlhAQABAAAAACH5BAEKAAEALAAAAAABAAEAAAICTAEAOw==\" data-src=\"https:\/\/www.santacroceweb.com\/giornale1\/wp-content\/uploads\/2025\/10\/b0042372-0adc-4c91-8c48-031b40cd731b-300x225.jpeg\" alt=\"\" width=\"300\" height=\"225\" class=\"alignnone size-medium wp-image-84583 lazyload\" data-sizes=\"auto\" data-srcset=\"https:\/\/www.santacroceweb.com\/giornale1\/wp-content\/uploads\/2025\/10\/b0042372-0adc-4c91-8c48-031b40cd731b-300x225.jpeg 300w, https:\/\/www.santacroceweb.com\/giornale1\/wp-content\/uploads\/2025\/10\/b0042372-0adc-4c91-8c48-031b40cd731b-1024x768.jpeg 1024w, https:\/\/www.santacroceweb.com\/giornale1\/wp-content\/uploads\/2025\/10\/b0042372-0adc-4c91-8c48-031b40cd731b-768x576.jpeg 768w, https:\/\/www.santacroceweb.com\/giornale1\/wp-content\/uploads\/2025\/10\/b0042372-0adc-4c91-8c48-031b40cd731b-1536x1152.jpeg 1536w, https:\/\/www.santacroceweb.com\/giornale1\/wp-content\/uploads\/2025\/10\/b0042372-0adc-4c91-8c48-031b40cd731b-1600x1200.jpeg 1600w, https:\/\/www.santacroceweb.com\/giornale1\/wp-content\/uploads\/2025\/10\/b0042372-0adc-4c91-8c48-031b40cd731b-1100x825.jpeg 1100w, https:\/\/www.santacroceweb.com\/giornale1\/wp-content\/uploads\/2025\/10\/b0042372-0adc-4c91-8c48-031b40cd731b-680x510.jpeg 680w, https:\/\/www.santacroceweb.com\/giornale1\/wp-content\/uploads\/2025\/10\/b0042372-0adc-4c91-8c48-031b40cd731b-200x150.jpeg 200w, https:\/\/www.santacroceweb.com\/giornale1\/wp-content\/uploads\/2025\/10\/b0042372-0adc-4c91-8c48-031b40cd731b-20x15.jpeg 20w, https:\/\/www.santacroceweb.com\/giornale1\/wp-content\/uploads\/2025\/10\/b0042372-0adc-4c91-8c48-031b40cd731b.jpeg 2048w\" sizes=\"(max-width: 300px) 100vw, 300px\" \/><\/p>\n","protected":false},"excerpt":{"rendered":"<p>Una giornata di festa, emozioni e sorrisi: oggi il giornalista Paolo Mandar\u00e0 e Marta Gulino hanno pronunciato il loro \u201cs\u00ec\u201d nella suggestiva cornice della Tenuta Chiaramonte, circondati dall\u2019affetto di amici e parenti. A celebrare il rito civile \u00e8 stato Peppino Sottile, direttore di Buttanissima Sicilia ed ex vicedirettore di Italia 1 Mediaset, che ha reso [&hellip;]<\/p>\n","protected":false},"author":62,"featured_media":84582,"comment_status":"closed","ping_status":"open","sticky":false,"template":"","format":"standard","meta":{"footnotes":""},"categories":[11],"tags":[],"class_list":["post-84581","post","type-post","status-publish","format-standard","has-post-thumbnail","hentry","category-primopiano"],"_links":{"self":[{"href":"https:\/\/www.santacroceweb.com\/index.php\/wp-json\/wp\/v2\/posts\/84581","targetHints":{"allow":["GET"]}}],"collection":[{"href":"https:\/\/www.santacroceweb.com\/index.php\/wp-json\/wp\/v2\/posts"}],"about":[{"href":"https:\/\/www.santacroceweb.com\/index.php\/wp-json\/wp\/v2\/types\/post"}],"author":[{"embeddable":true,"href":"https:\/\/www.santacroceweb.com\/index.php\/wp-json\/wp\/v2\/users\/62"}],"replies":[{"embeddable":true,"href":"https:\/\/www.santacroceweb.com\/index.php\/wp-json\/wp\/v2\/comments?post=84581"}],"version-history":[{"count":1,"href":"https:\/\/www.santacroceweb.com\/index.php\/wp-json\/wp\/v2\/posts\/84581\/revisions"}],"predecessor-version":[{"id":84584,"href":"https:\/\/www.santacroceweb.com\/index.php\/wp-json\/wp\/v2\/posts\/84581\/revisions\/84584"}],"wp:featuredmedia":[{"embeddable":true,"href":"https:\/\/www.santacroceweb.com\/index.php\/wp-json\/wp\/v2\/media\/84582"}],"wp:attachment":[{"href":"https:\/\/www.santacroceweb.com\/index.php\/wp-json\/wp\/v2\/media?parent=84581"}],"wp:term":[{"taxonomy":"category","embeddable":true,"href":"https:\/\/www.santacroceweb.com\/index.php\/wp-json\/wp\/v2\/categories?post=84581"},{"taxonomy":"post_tag","embeddable":true,"href":"https:\/\/www.santacroceweb.com\/index.php\/wp-json\/wp\/v2\/tags?post=84581"}],"curies":[{"name":"wp","href":"https:\/\/api.w.org\/{rel}","templated":true}]}}