{"id":84585,"date":"2025-10-04T12:13:10","date_gmt":"2025-10-04T10:13:10","guid":{"rendered":"https:\/\/www.santacroceweb.com\/?p=84585"},"modified":"2025-10-04T12:43:58","modified_gmt":"2025-10-04T10:43:58","slug":"santa-croce-i-consiglieri-mandara-e-riva-chiedono-di-esporre-la-bandiera-palestinese-al-palazzo-comunale","status":"publish","type":"post","link":"https:\/\/www.santacroceweb.com\/index.php\/2025\/10\/04\/santa-croce-i-consiglieri-mandara-e-riva-chiedono-di-esporre-la-bandiera-palestinese-al-palazzo-comunale\/","title":{"rendered":"Santa Croce, i consiglieri Mandar\u00e0 e Riva chiedono di esporre la bandiera palestinese al Palazzo comunale"},"content":{"rendered":"<p>I consiglieri comunali Piero Mandar\u00e0 e Gaetano Riva, del gruppo \u201cInsieme per Santa Croce\u201d, hanno presentato un ordine del giorno rivolto al sindaco, al presidente del Consiglio comunale e al segretario comunale, chiedendo di esporre la bandiera palestinese sulla facciata del Palazzo comunale.<br \/>\nL\u2019iniziativa, spiegano, nasce \u201cnell\u2019ambito delle funzioni istituzionali e in rappresentanza di numerosi cittadini e cittadine di Santa Croce\u201d, ma anche \u201ca seguito di un\u2019istanza raccolta dalle comunit\u00e0 straniere ben integrate e rappresentate sul territorio\u201d.<br \/>\nNel testo si esprime \u201cviva preoccupazione e profondo dolore per la grave crisi umanitaria in atto nella popolazione di Gaza, con particolare riferimento ai bambini, vittime innocenti del conflitto\u201d.<br \/>\nI due consiglieri propongono che anche Santa Croce si unisca \u201calle numerose citt\u00e0 italiane ed europee che hanno gi\u00e0 voluto compiere un gesto concreto di solidariet\u00e0, denuncia e sostegno alla pace\u201d.<br \/>\nMandar\u00e0 e Riva precisano che il gesto \u201cnon intende esprimere un\u2019adesione a schieramenti politici specifici, ma rappresentare un monito universale per la protezione dei civili, un appello al rispetto dei diritti umani e una richiesta di cessazione delle ostilit\u00e0, unica via per una pace giusta e duratura\u201d.<br \/>\nLa proposta dovr\u00e0 essere discussa nel prossimo Consiglio comunale, affinch\u00e9 \u201cl\u2019intera Assemblea possa esprimersi su un atto di rilevante valore simbolico e politico\u201d.<br \/>\nI consiglieri suggeriscono anche di affiancare alla bandiera uno striscione con la scritta: \u201cI nostri cuori sono con i bambini di Gaza\u201d, come segno di vicinanza alla popolazione civile e di invito al rispetto del diritto internazionale umanitario.<br \/>\nNel documento vengono ricordati altri esempi, come quelli del Comune di Roma, che ha esposto la bandiera palestinese in Campidoglio, e del Comune di Castelfranco Emilia, che ha fatto altrettanto sul Teatro Comunale.<br \/>\nLa richiesta, datata 3 ottobre 2025, si chiude con un appello al sindaco e alla giunta \u201caffinch\u00e9 valutino questo atto simbolico e di forte impatto\u201d.<\/p>\n","protected":false},"excerpt":{"rendered":"<p>I consiglieri comunali Piero Mandar\u00e0 e Gaetano Riva, del gruppo \u201cInsieme per Santa Croce\u201d, hanno presentato un ordine del giorno rivolto al sindaco, al presidente del Consiglio comunale e al segretario comunale, chiedendo di esporre la bandiera palestinese sulla facciata del Palazzo comunale. L\u2019iniziativa, spiegano, nasce \u201cnell\u2019ambito delle funzioni istituzionali e in rappresentanza di numerosi [&hellip;]<\/p>\n","protected":false},"author":34,"featured_media":84586,"comment_status":"closed","ping_status":"open","sticky":false,"template":"","format":"standard","meta":{"footnotes":""},"categories":[1],"tags":[],"class_list":["post-84585","post","type-post","status-publish","format-standard","has-post-thumbnail","hentry","category-news"],"_links":{"self":[{"href":"https:\/\/www.santacroceweb.com\/index.php\/wp-json\/wp\/v2\/posts\/84585","targetHints":{"allow":["GET"]}}],"collection":[{"href":"https:\/\/www.santacroceweb.com\/index.php\/wp-json\/wp\/v2\/posts"}],"about":[{"href":"https:\/\/www.santacroceweb.com\/index.php\/wp-json\/wp\/v2\/types\/post"}],"author":[{"embeddable":true,"href":"https:\/\/www.santacroceweb.com\/index.php\/wp-json\/wp\/v2\/users\/34"}],"replies":[{"embeddable":true,"href":"https:\/\/www.santacroceweb.com\/index.php\/wp-json\/wp\/v2\/comments?post=84585"}],"version-history":[{"count":2,"href":"https:\/\/www.santacroceweb.com\/index.php\/wp-json\/wp\/v2\/posts\/84585\/revisions"}],"predecessor-version":[{"id":84588,"href":"https:\/\/www.santacroceweb.com\/index.php\/wp-json\/wp\/v2\/posts\/84585\/revisions\/84588"}],"wp:featuredmedia":[{"embeddable":true,"href":"https:\/\/www.santacroceweb.com\/index.php\/wp-json\/wp\/v2\/media\/84586"}],"wp:attachment":[{"href":"https:\/\/www.santacroceweb.com\/index.php\/wp-json\/wp\/v2\/media?parent=84585"}],"wp:term":[{"taxonomy":"category","embeddable":true,"href":"https:\/\/www.santacroceweb.com\/index.php\/wp-json\/wp\/v2\/categories?post=84585"},{"taxonomy":"post_tag","embeddable":true,"href":"https:\/\/www.santacroceweb.com\/index.php\/wp-json\/wp\/v2\/tags?post=84585"}],"curies":[{"name":"wp","href":"https:\/\/api.w.org\/{rel}","templated":true}]}}