{"id":847,"date":"2013-01-10T08:08:38","date_gmt":"2013-01-10T07:08:38","guid":{"rendered":"http:\/\/www.santacroceweb.com\/giornale1\/?p=847"},"modified":"2013-01-10T19:05:38","modified_gmt":"2013-01-10T18:05:38","slug":"non-buttate-gli-abeti-natalizi-ce-liniziativa-di-pluchino-serviranno-per-luminarie-e-decoro-pubblico","status":"publish","type":"post","link":"https:\/\/www.santacroceweb.com\/index.php\/2013\/01\/10\/non-buttate-gli-abeti-natalizi-ce-liniziativa-di-pluchino-serviranno-per-luminarie-e-decoro-pubblico\/","title":{"rendered":"Non buttate gli abeti natalizi, c&#8217;\u00e8 l&#8217;iniziativa di Pluchino: &#8220;Serviranno per luminarie e decoro pubblico&#8221;"},"content":{"rendered":"<p style=\"text-align: justify;\">\u201cRicicliamo gli alberi di Natale\u201d, questo \u00e8 ci\u00f2 che l\u2019assessore comunale di Santa Croce, Rosario Pluchino, ha lanciato come iniziativa post natalizia. Ovviamente l\u2019appello \u00e8 rivolto ai fruitori di alberi di Natale naturali che dopo i festeggiamenti vengono abbandonati o gettati nei cassonetti, creando numerosi disagi, mentre sarebbe pi\u00f9 intelligente un loro utilizzo alternativo. \u201cI cittadini devono evitare di buttare il loro albero di Natale dismesso nel contenitore \u2013 sostiene Pluchino \u2013 e portarlo invece in Piazza Mercato Vecchio. Anche se non trovano personale, ci sono dei cartoni, lo depositano l\u00ec, poi gli addetti provvederanno a separare quelli da buttare da quelli che hanno la possibilit\u00e0 di sopravvivere. Gli inservibili verranno usati per fare compostaggio, mentre gli altri potranno essere piantati nei luoghi comunali, anche nella fascia costiera, dove possono essere seguiti bene\u201d. In questo modo si potrebbero salvare le piante migliori e offrire loro una seconda \u2018vita\u2019. Ma per quelle oramai \u2018morte\u2019 \u00e8 possibile un uso altrettanto interessante. \u201cGli altri anni \u2013 continua Pluchino \u2013 per la festa di Sant\u2019Antonio, oramai alle porte, \u00e8 stata acquistata legna per circa 500 euro a carico del bilancio comunale, per fare la luminaria. In questo caso, con gli alberi inutilizzabili si risparmierebbero quei fondi\u201d. Questo consentirebbe di avere una luminaria a costo zero e Santa Croce, per quanto concerne la raccolta differenziata, cerca di dare un buon esempio. \u201cCon le carte in mano \u2013 ammette Pluchino \u2013 la raccolta dal 10,72% del 2011 \u00e8 arrivata al 10,92% nel 2012, \u00e8 in leggero rialzo se si considera che dicembre non \u00e8 ancora conteggiato\u201d. Una buona notizia riguarda il dissequestro, avvenuto l\u20198 gennaio scorso, dei mezzi e dell\u2019area addetta alla raccolta dei rifiuti ingombranti che si appresta a tornare nella sua piena operativit\u00e0. Ma l\u2019interesse dei cittadini verte sull\u2019ecocard che \u00e8 stata temporaneamente bloccata.\u201cL\u2019ecocard speriamo di farla funzionare al pi\u00f9 presto \u2013 aggiunge ancora l\u2019assessore \u2013 purtroppo il sito \u00e8 rimasto pieno di materiali ingombranti che dobbiamo togliere. C\u2019\u00e8 un disagio che stiamo subendo anche noi e stiamo accelerando i tempi per rimettere in funzione il servizio, potenziandolo e migliorandolo. Potenzieremo il personale nei primi giorni d\u2019apertura per permettere a tutti di poter conferire quanto necessario. Nonostante il disagio che c\u2019\u00e8 stato la nostra comunit\u00e0 \u00e8 attenta a questo problema e sta rispondendo bene\u201d. Un occhio all\u2019ambiente ed uno al risparmio sono aspetti da non sottovalutare e di cui ogni societ\u00e0 civile sente il bisogno in questi anni di crisi.<\/p>\n<p style=\"text-align: right;\"><strong>Antonella Galuppi<\/strong><\/p>\n<p style=\"text-align: center;\"><a href=\"https:\/\/www.santacroceweb.com\/giornale1\/wp-content\/uploads\/2013\/01\/580536_524036060961428_440864810_n1.jpg\"><img fetchpriority=\"high\" decoding=\"async\" class=\"aligncenter size-medium wp-image-850 lazyload\" title=\"580536_524036060961428_440864810_n[1]\" src=\"data:image\/gif;base64,R0lGODlhAQABAAAAACH5BAEKAAEALAAAAAABAAEAAAICTAEAOw==\" data-src=\"https:\/\/www.santacroceweb.com\/giornale1\/wp-content\/uploads\/2013\/01\/580536_524036060961428_440864810_n1-215x300.jpg\" alt=\"\" width=\"215\" height=\"300\" data-sizes=\"auto\" data-srcset=\"https:\/\/www.santacroceweb.com\/giornale1\/wp-content\/uploads\/2013\/01\/580536_524036060961428_440864810_n1-215x300.jpg 215w, https:\/\/www.santacroceweb.com\/giornale1\/wp-content\/uploads\/2013\/01\/580536_524036060961428_440864810_n1.jpg 689w\" sizes=\"(max-width: 215px) 100vw, 215px\" \/><\/a><\/p>\n","protected":false},"excerpt":{"rendered":"<p>\u201cRicicliamo gli alberi di Natale\u201d, questo \u00e8 ci\u00f2 che l\u2019assessore comunale di Santa Croce, Rosario Pluchino, ha lanciato come iniziativa post natalizia. Ovviamente l\u2019appello \u00e8 rivolto ai fruitori di alberi di Natale naturali che dopo i festeggiamenti vengono abbandonati o gettati nei cassonetti, creando numerosi disagi, mentre sarebbe pi\u00f9 intelligente un loro utilizzo alternativo. \u201cI [&hellip;]<\/p>\n","protected":false},"author":4,"featured_media":848,"comment_status":"open","ping_status":"open","sticky":false,"template":"","format":"standard","meta":{"footnotes":""},"categories":[4],"tags":[],"class_list":["post-847","post","type-post","status-publish","format-standard","has-post-thumbnail","hentry","category-politica"],"_links":{"self":[{"href":"https:\/\/www.santacroceweb.com\/index.php\/wp-json\/wp\/v2\/posts\/847","targetHints":{"allow":["GET"]}}],"collection":[{"href":"https:\/\/www.santacroceweb.com\/index.php\/wp-json\/wp\/v2\/posts"}],"about":[{"href":"https:\/\/www.santacroceweb.com\/index.php\/wp-json\/wp\/v2\/types\/post"}],"author":[{"embeddable":true,"href":"https:\/\/www.santacroceweb.com\/index.php\/wp-json\/wp\/v2\/users\/4"}],"replies":[{"embeddable":true,"href":"https:\/\/www.santacroceweb.com\/index.php\/wp-json\/wp\/v2\/comments?post=847"}],"version-history":[{"count":0,"href":"https:\/\/www.santacroceweb.com\/index.php\/wp-json\/wp\/v2\/posts\/847\/revisions"}],"wp:featuredmedia":[{"embeddable":true,"href":"https:\/\/www.santacroceweb.com\/index.php\/wp-json\/wp\/v2\/media\/848"}],"wp:attachment":[{"href":"https:\/\/www.santacroceweb.com\/index.php\/wp-json\/wp\/v2\/media?parent=847"}],"wp:term":[{"taxonomy":"category","embeddable":true,"href":"https:\/\/www.santacroceweb.com\/index.php\/wp-json\/wp\/v2\/categories?post=847"},{"taxonomy":"post_tag","embeddable":true,"href":"https:\/\/www.santacroceweb.com\/index.php\/wp-json\/wp\/v2\/tags?post=847"}],"curies":[{"name":"wp","href":"https:\/\/api.w.org\/{rel}","templated":true}]}}