{"id":84745,"date":"2025-10-27T12:45:24","date_gmt":"2025-10-27T11:45:24","guid":{"rendered":"https:\/\/www.santacroceweb.com\/?p=84745"},"modified":"2025-10-27T12:45:24","modified_gmt":"2025-10-27T11:45:24","slug":"un-pallone-per-tutti-il-progetto-sportivamente-abili-scende-in-campo-a-comiso","status":"publish","type":"post","link":"https:\/\/www.santacroceweb.com\/index.php\/2025\/10\/27\/un-pallone-per-tutti-il-progetto-sportivamente-abili-scende-in-campo-a-comiso\/","title":{"rendered":"Un pallone per tutti: il progetto Sportivamente Abili scende in campo a Comiso"},"content":{"rendered":"<p>La scuola calcio ASD VR 37 guidata da mister Ronny Valerio e l&#8217;Associazione Raggio di Luce ODV di Comiso, mercoled\u00ec 29 Ottobre alle ore 15:30 presso il Centro sportivo diurno di Comiso, invitano genitori e bambini a scendere in &#8220;campo&#8221;  per il progetto &#8220;Sportivamente Abile&#8221;.<br \/>\nTutti uniti  e pronti per una nuova esperienza insieme ad Amici Preziosi, per ribadire quanto lo sport \u00e8 il calcio in particolare abbiano nelle proprie caratteristiche valori quali l&#8217;inclusione e la fratellanza<br \/>\nTutto ci\u00f2 per avvalorare che partecipare alle lezioni di una a scuola calcio e in particolare della ASD VR 37 \u00e8 molto pi\u00f9 di portare i propri bimbi in un semplice campo da gioco, ma dietro c&#8217;\u00e8 tanta passione, impegno, crescita personale e spirito di squadra.<br \/>\nIl progetto insieme all&#8217;Associazione Raggio di Luce \u00e8 un esempio di come lo sport possa aggregare, perch\u00e9 lo slogan di questa manifestazione \u00e8 che tutti siamo&#8230;.. Sportivamente Abili.<br \/>\nQuesti concetti sono all&#8217;ordine del giorno della scuola calcio VR 37, dove i valori vengono prima del risultato e il rispetto per il prossimo, l&#8217;umilt\u00e0 e il sacrificio del lavoro, sono le fondamenta per la crescita prima del bambino, poi del calciatore.<\/p>\n","protected":false},"excerpt":{"rendered":"<p>La scuola calcio ASD VR 37 guidata da mister Ronny Valerio e l&#8217;Associazione Raggio di Luce ODV di Comiso, mercoled\u00ec 29 Ottobre alle ore 15:30 presso il Centro sportivo diurno di Comiso, invitano genitori e bambini a scendere in &#8220;campo&#8221; per il progetto &#8220;Sportivamente Abile&#8221;. Tutti uniti e pronti per una nuova esperienza insieme ad [&hellip;]<\/p>\n","protected":false},"author":34,"featured_media":84746,"comment_status":"closed","ping_status":"open","sticky":false,"template":"","format":"standard","meta":{"footnotes":""},"categories":[22,3],"tags":[],"class_list":["post-84745","post","type-post","status-publish","format-standard","has-post-thumbnail","hentry","category-provincia","category-sport"],"_links":{"self":[{"href":"https:\/\/www.santacroceweb.com\/index.php\/wp-json\/wp\/v2\/posts\/84745","targetHints":{"allow":["GET"]}}],"collection":[{"href":"https:\/\/www.santacroceweb.com\/index.php\/wp-json\/wp\/v2\/posts"}],"about":[{"href":"https:\/\/www.santacroceweb.com\/index.php\/wp-json\/wp\/v2\/types\/post"}],"author":[{"embeddable":true,"href":"https:\/\/www.santacroceweb.com\/index.php\/wp-json\/wp\/v2\/users\/34"}],"replies":[{"embeddable":true,"href":"https:\/\/www.santacroceweb.com\/index.php\/wp-json\/wp\/v2\/comments?post=84745"}],"version-history":[{"count":1,"href":"https:\/\/www.santacroceweb.com\/index.php\/wp-json\/wp\/v2\/posts\/84745\/revisions"}],"predecessor-version":[{"id":84747,"href":"https:\/\/www.santacroceweb.com\/index.php\/wp-json\/wp\/v2\/posts\/84745\/revisions\/84747"}],"wp:featuredmedia":[{"embeddable":true,"href":"https:\/\/www.santacroceweb.com\/index.php\/wp-json\/wp\/v2\/media\/84746"}],"wp:attachment":[{"href":"https:\/\/www.santacroceweb.com\/index.php\/wp-json\/wp\/v2\/media?parent=84745"}],"wp:term":[{"taxonomy":"category","embeddable":true,"href":"https:\/\/www.santacroceweb.com\/index.php\/wp-json\/wp\/v2\/categories?post=84745"},{"taxonomy":"post_tag","embeddable":true,"href":"https:\/\/www.santacroceweb.com\/index.php\/wp-json\/wp\/v2\/tags?post=84745"}],"curies":[{"name":"wp","href":"https:\/\/api.w.org\/{rel}","templated":true}]}}