{"id":84941,"date":"2025-11-29T12:33:07","date_gmt":"2025-11-29T11:33:07","guid":{"rendered":"https:\/\/www.santacroceweb.com\/?p=84941"},"modified":"2025-11-29T12:33:07","modified_gmt":"2025-11-29T11:33:07","slug":"undici-anni-dopo-lanniversario-del-ricordo-di-lorys-stival","status":"publish","type":"post","link":"https:\/\/www.santacroceweb.com\/index.php\/2025\/11\/29\/undici-anni-dopo-lanniversario-del-ricordo-di-lorys-stival\/","title":{"rendered":"Undici anni dopo: l\u2019anniversario del ricordo di Lorys Stival"},"content":{"rendered":"<p>A Santa Croce Camerina, il 29 novembre torna come un giorno di memoria silenziosa dedicato a Lorys Stival. Oggi ricorre l\u2019undicesimo anniversario della sua scomparsa, una data che il paese vive con discrezione e rispetto, lasciando spazio a un ricordo che negli anni non ha mai smesso di essere vivo.<\/p>\n<p>In questo clima composto, resta forte anche il pensiero rivolto a Davide, il padre, che per molti ha incarnato la parte pi\u00f9 pura e sincera del legame con suo figlio. La comunit\u00e0 gli riconosce la dignit\u00e0 con cui ha preservato il ricordo di Lorys, lasciando che fosse l\u2019affetto \u2014 e non il rumore \u2014 a rimanere nel tempo.<br \/>\nCos\u00ec, anche oggi, l\u2019anniversario si fa semplice e autentico: un modo per dire che Lorys continua ad abitare nel cuore di chi l\u2019ha conosciuto, di chi lo ha seguito da lontano e di chi, undici anni dopo, ne custodisce ancora una memoria rispettosa e luminosa.<\/p>\n","protected":false},"excerpt":{"rendered":"<p>A Santa Croce Camerina, il 29 novembre torna come un giorno di memoria silenziosa dedicato a Lorys Stival. Oggi ricorre l\u2019undicesimo anniversario della sua scomparsa, una data che il paese vive con discrezione e rispetto, lasciando spazio a un ricordo che negli anni non ha mai smesso di essere vivo. In questo clima composto, resta [&hellip;]<\/p>\n","protected":false},"author":62,"featured_media":84942,"comment_status":"closed","ping_status":"open","sticky":false,"template":"","format":"standard","meta":{"footnotes":""},"categories":[11],"tags":[],"class_list":["post-84941","post","type-post","status-publish","format-standard","has-post-thumbnail","hentry","category-primopiano"],"_links":{"self":[{"href":"https:\/\/www.santacroceweb.com\/index.php\/wp-json\/wp\/v2\/posts\/84941","targetHints":{"allow":["GET"]}}],"collection":[{"href":"https:\/\/www.santacroceweb.com\/index.php\/wp-json\/wp\/v2\/posts"}],"about":[{"href":"https:\/\/www.santacroceweb.com\/index.php\/wp-json\/wp\/v2\/types\/post"}],"author":[{"embeddable":true,"href":"https:\/\/www.santacroceweb.com\/index.php\/wp-json\/wp\/v2\/users\/62"}],"replies":[{"embeddable":true,"href":"https:\/\/www.santacroceweb.com\/index.php\/wp-json\/wp\/v2\/comments?post=84941"}],"version-history":[{"count":1,"href":"https:\/\/www.santacroceweb.com\/index.php\/wp-json\/wp\/v2\/posts\/84941\/revisions"}],"predecessor-version":[{"id":84943,"href":"https:\/\/www.santacroceweb.com\/index.php\/wp-json\/wp\/v2\/posts\/84941\/revisions\/84943"}],"wp:featuredmedia":[{"embeddable":true,"href":"https:\/\/www.santacroceweb.com\/index.php\/wp-json\/wp\/v2\/media\/84942"}],"wp:attachment":[{"href":"https:\/\/www.santacroceweb.com\/index.php\/wp-json\/wp\/v2\/media?parent=84941"}],"wp:term":[{"taxonomy":"category","embeddable":true,"href":"https:\/\/www.santacroceweb.com\/index.php\/wp-json\/wp\/v2\/categories?post=84941"},{"taxonomy":"post_tag","embeddable":true,"href":"https:\/\/www.santacroceweb.com\/index.php\/wp-json\/wp\/v2\/tags?post=84941"}],"curies":[{"name":"wp","href":"https:\/\/api.w.org\/{rel}","templated":true}]}}