{"id":84961,"date":"2025-12-03T16:59:16","date_gmt":"2025-12-03T15:59:16","guid":{"rendered":"https:\/\/www.santacroceweb.com\/?p=84961"},"modified":"2025-12-03T16:59:16","modified_gmt":"2025-12-03T15:59:16","slug":"ispica-celebra-il-dott-giuseppe-cappello-direttore-sanitario-degli-ospedali-di-ragusa-un-riconoscimento-nel-mese-blu-lilt","status":"publish","type":"post","link":"https:\/\/www.santacroceweb.com\/index.php\/2025\/12\/03\/ispica-celebra-il-dott-giuseppe-cappello-direttore-sanitario-degli-ospedali-di-ragusa-un-riconoscimento-nel-mese-blu-lilt\/","title":{"rendered":"Ispica celebra il dott. Giuseppe Cappello, Direttore sanitario degli ospedali di Ragusa: un riconoscimento nel Mese Blu LILT"},"content":{"rendered":"<p>Si \u00e8 svolto sabato 29 novembre, nella storica Sala della Societ\u00e0 Operaia \u201cGiuseppe Garibaldi\u201d di Ispica, il convegno \u201cEntra in pista con la prevenzione\u201d, appuntamento della Campagna Nastro Blu \u2013 Lilt for Men promosso da Lilt Ragusa con il patrocinio dell\u2019Asp di Ragusa, dedicato alla sensibilizzazione sulla prevenzione oncologica maschile.<br \/>\nNel corso dell\u2019iniziativa, che ha visto gli interventi del sindaco di Ispica dott. Innocenzo Leontini, del direttore amministrativo dell\u2019Asp Ragusa dott. Massimo Cicero, della direttrice sanitaria dr.ssa Sara Lanza, della presidente Lilt Ragusa Maria Teresa Fattori e delle relatrici dr.ssa Anna Corallo, dr.ssa Tiziana Puglisi, dott.ssa Mariachiara Medici e prof.ssa Giada Ragusa, si \u00e8 svolto anche un momento particolarmente significativo: il conferimento del riconoscimento della Societ\u00e0 Operaia al dott. Giuseppe Cappello, Direttore sanitario degli ospedali di Ragusa.<br \/>\nIn tale occasione \u00e8 stata letta la motivazione ufficiale dell\u2019attestato di riconoscimento, a firma del presidente della Societ\u00e0 Operaia Natale Corallo e approvata dal Consiglio direttivo, che ha inteso esprimere \u00abil profondo apprezzamento per l\u2019eccezionale dedizione, l\u2019impegno e i risultati conseguiti durante il percorso professionale del dott. Cappello presso l\u2019Azienda Sanitaria Provinciale di Ragusa. Il suo contributo \u00e8 stato fondamentale per il successo e la crescita della nostra realt\u00e0 sanitaria ospedaliera, dimostrando una professionalit\u00e0 e una seriet\u00e0 che meritano il nostro pi\u00f9 sincero ringraziamento e riconoscimento\u00bb.<br \/>\n\u00c8 stato quindi ricordato il valore del percorso umano e professionale del dott. Cappello: \u00abSiamo orgogliosi di conferire questo riconoscimento. Abbiamo le risorse per affrontare il futuro con serenit\u00e0, e il dott. Giuseppe Cappello \u00e8 una delle prove che i nostri concittadini, quando iniziano certi percorsi, vanno fino in fondo e arrivano a risultati che spesso nemmeno immaginiamo\u00bb.<br \/>\nNel suo intervento il dott. Cappello, visibilmente emozionato, ha ringraziato la sua citt\u00e0: \u00ab\u00c8 un riconoscimento che voglio girare a tutti quelli che ci supportano in tantissime iniziative. Ringrazio l\u2019Asp, la direzione strategica, nel contesto ivi presenti il dottor Cicero e la dottoressa Lanza, che hanno contribuito tantissimo a dare una spinta ulteriore nel campo dell\u2019oncologia\u00bb. Ha poi ricordato i principali traguardi raggiunti negli ultimi anni: il completamento dell\u2019Ufa, \u00abl\u2019Unit\u00e0 di preparazione dei farmaci chemioterapici\u00bb, il trasferimento dell\u2019oncologia all\u2019ospedale \u201cGiovanni Paolo II\u201d, \u00abpi\u00f9 a contatto con tanti servizi indispensabili\u00bb, l\u2019incremento dei posti letto e l\u2019ambulatorio dedicato ai pazienti oncologici, oltre all\u2019avanzamento della nuova stecca ospedaliera dove sar\u00e0 riunito il polo oncologico.<br \/>\nAmpio spazio \u00e8 stato dedicato al tema della prevenzione. Cappello ha ricordato l\u2019importanza degli stili di vita sani, delle vaccinazioni, degli screening e delle visite urologiche, tutti strumenti fondamentali.<br \/>\nLa Societ\u00e0 Operaia ha inoltre donato al direttore sanitario una serigrafia dell\u2019artista ispicese Giambattista Cutrera.<br \/>\nNel messaggio Lilt for Men \u00e8 stato ribadito il significato del Mese Blu: novembre come occasione per \u201cmuoversi\u201d e compiere un atto di responsabilit\u00e0 personale. \u00abBasta una visita urologica\u00bb recita la campagna, un invito a superare paure e imbarazzi. \u00abLa prevenzione oncologica \u00e8 una scelta di coraggio, non di debolezza\u00bb, hanno ricordato i relatori.<img fetchpriority=\"high\" decoding=\"async\" src=\"data:image\/gif;base64,R0lGODlhAQABAAAAACH5BAEKAAEALAAAAAABAAEAAAICTAEAOw==\" data-src=\"https:\/\/www.santacroceweb.com\/giornale1\/wp-content\/uploads\/2025\/12\/e73e24c8-e9b1-4962-a504-e3efa182f810-300x225.jpeg\" alt=\"\" width=\"300\" height=\"225\" class=\"alignnone size-medium wp-image-84963 lazyload\" data-sizes=\"auto\" data-srcset=\"https:\/\/www.santacroceweb.com\/giornale1\/wp-content\/uploads\/2025\/12\/e73e24c8-e9b1-4962-a504-e3efa182f810-300x225.jpeg 300w, https:\/\/www.santacroceweb.com\/giornale1\/wp-content\/uploads\/2025\/12\/e73e24c8-e9b1-4962-a504-e3efa182f810-1024x768.jpeg 1024w, https:\/\/www.santacroceweb.com\/giornale1\/wp-content\/uploads\/2025\/12\/e73e24c8-e9b1-4962-a504-e3efa182f810-768x576.jpeg 768w, https:\/\/www.santacroceweb.com\/giornale1\/wp-content\/uploads\/2025\/12\/e73e24c8-e9b1-4962-a504-e3efa182f810-1536x1152.jpeg 1536w, https:\/\/www.santacroceweb.com\/giornale1\/wp-content\/uploads\/2025\/12\/e73e24c8-e9b1-4962-a504-e3efa182f810-1600x1200.jpeg 1600w, https:\/\/www.santacroceweb.com\/giornale1\/wp-content\/uploads\/2025\/12\/e73e24c8-e9b1-4962-a504-e3efa182f810-1100x825.jpeg 1100w, https:\/\/www.santacroceweb.com\/giornale1\/wp-content\/uploads\/2025\/12\/e73e24c8-e9b1-4962-a504-e3efa182f810-680x510.jpeg 680w, https:\/\/www.santacroceweb.com\/giornale1\/wp-content\/uploads\/2025\/12\/e73e24c8-e9b1-4962-a504-e3efa182f810-200x150.jpeg 200w, https:\/\/www.santacroceweb.com\/giornale1\/wp-content\/uploads\/2025\/12\/e73e24c8-e9b1-4962-a504-e3efa182f810-20x15.jpeg 20w, https:\/\/www.santacroceweb.com\/giornale1\/wp-content\/uploads\/2025\/12\/e73e24c8-e9b1-4962-a504-e3efa182f810.jpeg 2000w\" sizes=\"(max-width: 300px) 100vw, 300px\" \/><\/p>\n","protected":false},"excerpt":{"rendered":"<p>Si \u00e8 svolto sabato 29 novembre, nella storica Sala della Societ\u00e0 Operaia \u201cGiuseppe Garibaldi\u201d di Ispica, il convegno \u201cEntra in pista con la prevenzione\u201d, appuntamento della Campagna Nastro Blu \u2013 Lilt for Men promosso da Lilt Ragusa con il patrocinio dell\u2019Asp di Ragusa, dedicato alla sensibilizzazione sulla prevenzione oncologica maschile. Nel corso dell\u2019iniziativa, che ha [&hellip;]<\/p>\n","protected":false},"author":62,"featured_media":84962,"comment_status":"closed","ping_status":"open","sticky":false,"template":"","format":"standard","meta":{"footnotes":""},"categories":[8],"tags":[],"class_list":["post-84961","post","type-post","status-publish","format-standard","has-post-thumbnail","hentry","category-attualita"],"_links":{"self":[{"href":"https:\/\/www.santacroceweb.com\/index.php\/wp-json\/wp\/v2\/posts\/84961","targetHints":{"allow":["GET"]}}],"collection":[{"href":"https:\/\/www.santacroceweb.com\/index.php\/wp-json\/wp\/v2\/posts"}],"about":[{"href":"https:\/\/www.santacroceweb.com\/index.php\/wp-json\/wp\/v2\/types\/post"}],"author":[{"embeddable":true,"href":"https:\/\/www.santacroceweb.com\/index.php\/wp-json\/wp\/v2\/users\/62"}],"replies":[{"embeddable":true,"href":"https:\/\/www.santacroceweb.com\/index.php\/wp-json\/wp\/v2\/comments?post=84961"}],"version-history":[{"count":1,"href":"https:\/\/www.santacroceweb.com\/index.php\/wp-json\/wp\/v2\/posts\/84961\/revisions"}],"predecessor-version":[{"id":84964,"href":"https:\/\/www.santacroceweb.com\/index.php\/wp-json\/wp\/v2\/posts\/84961\/revisions\/84964"}],"wp:featuredmedia":[{"embeddable":true,"href":"https:\/\/www.santacroceweb.com\/index.php\/wp-json\/wp\/v2\/media\/84962"}],"wp:attachment":[{"href":"https:\/\/www.santacroceweb.com\/index.php\/wp-json\/wp\/v2\/media?parent=84961"}],"wp:term":[{"taxonomy":"category","embeddable":true,"href":"https:\/\/www.santacroceweb.com\/index.php\/wp-json\/wp\/v2\/categories?post=84961"},{"taxonomy":"post_tag","embeddable":true,"href":"https:\/\/www.santacroceweb.com\/index.php\/wp-json\/wp\/v2\/tags?post=84961"}],"curies":[{"name":"wp","href":"https:\/\/api.w.org\/{rel}","templated":true}]}}