{"id":84965,"date":"2025-12-03T17:01:49","date_gmt":"2025-12-03T16:01:49","guid":{"rendered":"https:\/\/www.santacroceweb.com\/?p=84965"},"modified":"2025-12-03T17:01:49","modified_gmt":"2025-12-03T16:01:49","slug":"videosorveglianza-santa-croce-ottiene-150mila-euro-dalla-regione","status":"publish","type":"post","link":"https:\/\/www.santacroceweb.com\/index.php\/2025\/12\/03\/videosorveglianza-santa-croce-ottiene-150mila-euro-dalla-regione\/","title":{"rendered":"Videosorveglianza, Santa Croce ottiene 150mila euro dalla Regione"},"content":{"rendered":"<p>Il Comune di Santa Croce Camerina \u00e8 rientrato tra i 105 progetti finanziati dalla Regione siciliana per il potenziamento dei sistemi di videosorveglianza, ottenendo un contributo di 150mila euro.<br \/>\nIl risultato \u00e8 frutto del lavoro degli uffici comunali in coordinamento con il vicesindaco Francesco Dimartino: ne \u00e8 scaturito un progetto strategico per il controllo del territorio, con particolare attenzione alla fascia costiera e ai punti pi\u00f9 sensibili.<br \/>\nIl finanziamento consentir\u00e0 l&#8217;ampliamento della rete di videosorveglianza, con sistemi collegati da remoto alla Questura tramite tecnologia Targa System.<br \/>\nLa somma si aggiunge ai 197mila euro gi\u00e0 ottenuti dal Ministero dell&#8217;Interno, che hanno permesso l&#8217;installazione di 20 telecamere e 6 dispositivi Targa System nelle principali vie di accesso alla citt\u00e0.<br \/>\nDa Palazzo di citt\u00e0 arriva, inoltre, una menzione circa il proseguimento del servizio di vigilanza privata, potenziato con una estensione dell&#8217;orario di copertura e con la sorveglianza attiva anche nella zona di Fonte Paradiso. Cos\u00ec il sindaco Peppe Dimartino:<br \/>\n&#8220;Questo nuovo finanziamento conferma la solidit\u00e0 del lavoro portato avanti in questi anni. Stiamo costruendo un sistema di sicurezza moderno, integrato ed efficace: videosorveglianza ampliata, collegamenti con la Questura, vigilanza privata potenziata e maggiore presidio del territorio. Sono interventi concreti che migliorano sicurezza e vivibilit\u00e0, offrendo alla nostra comunit\u00e0 strumenti avanzati per rendere Santa Croce un luogo sempre pi\u00f9 protetto&#8221;.<\/p>\n","protected":false},"excerpt":{"rendered":"<p>Il Comune di Santa Croce Camerina \u00e8 rientrato tra i 105 progetti finanziati dalla Regione siciliana per il potenziamento dei sistemi di videosorveglianza, ottenendo un contributo di 150mila euro. Il risultato \u00e8 frutto del lavoro degli uffici comunali in coordinamento con il vicesindaco Francesco Dimartino: ne \u00e8 scaturito un progetto strategico per il controllo del [&hellip;]<\/p>\n","protected":false},"author":34,"featured_media":84966,"comment_status":"closed","ping_status":"open","sticky":false,"template":"","format":"standard","meta":{"footnotes":""},"categories":[1],"tags":[],"class_list":["post-84965","post","type-post","status-publish","format-standard","has-post-thumbnail","hentry","category-news"],"_links":{"self":[{"href":"https:\/\/www.santacroceweb.com\/index.php\/wp-json\/wp\/v2\/posts\/84965","targetHints":{"allow":["GET"]}}],"collection":[{"href":"https:\/\/www.santacroceweb.com\/index.php\/wp-json\/wp\/v2\/posts"}],"about":[{"href":"https:\/\/www.santacroceweb.com\/index.php\/wp-json\/wp\/v2\/types\/post"}],"author":[{"embeddable":true,"href":"https:\/\/www.santacroceweb.com\/index.php\/wp-json\/wp\/v2\/users\/34"}],"replies":[{"embeddable":true,"href":"https:\/\/www.santacroceweb.com\/index.php\/wp-json\/wp\/v2\/comments?post=84965"}],"version-history":[{"count":1,"href":"https:\/\/www.santacroceweb.com\/index.php\/wp-json\/wp\/v2\/posts\/84965\/revisions"}],"predecessor-version":[{"id":84967,"href":"https:\/\/www.santacroceweb.com\/index.php\/wp-json\/wp\/v2\/posts\/84965\/revisions\/84967"}],"wp:featuredmedia":[{"embeddable":true,"href":"https:\/\/www.santacroceweb.com\/index.php\/wp-json\/wp\/v2\/media\/84966"}],"wp:attachment":[{"href":"https:\/\/www.santacroceweb.com\/index.php\/wp-json\/wp\/v2\/media?parent=84965"}],"wp:term":[{"taxonomy":"category","embeddable":true,"href":"https:\/\/www.santacroceweb.com\/index.php\/wp-json\/wp\/v2\/categories?post=84965"},{"taxonomy":"post_tag","embeddable":true,"href":"https:\/\/www.santacroceweb.com\/index.php\/wp-json\/wp\/v2\/tags?post=84965"}],"curies":[{"name":"wp","href":"https:\/\/api.w.org\/{rel}","templated":true}]}}