{"id":84971,"date":"2025-12-04T14:05:42","date_gmt":"2025-12-04T13:05:42","guid":{"rendered":"https:\/\/www.santacroceweb.com\/?p=84971"},"modified":"2025-12-04T14:06:17","modified_gmt":"2025-12-04T13:06:17","slug":"visita-tecnica-di-cannito-e-barci-una-giornata-di-crescita-per-il-citta-di-santa-croce","status":"publish","type":"post","link":"https:\/\/www.santacroceweb.com\/index.php\/2025\/12\/04\/visita-tecnica-di-cannito-e-barci-una-giornata-di-crescita-per-il-citta-di-santa-croce\/","title":{"rendered":"Visita tecnica di Cannito e Barci: una giornata di crescita per il Citt\u00e0 di Santa Croce"},"content":{"rendered":"<div id='gallery-1' class='gallery galleryid-84971 gallery-columns-3 gallery-size-thumbnail'><figure class='gallery-item'>\n\t\t\t<div class='gallery-icon landscape'>\n\t\t\t\t<a href='https:\/\/www.santacroceweb.com\/index.php\/2025\/12\/04\/visita-tecnica-di-cannito-e-barci-una-giornata-di-crescita-per-il-citta-di-santa-croce\/0429d66e-4cb6-4fcc-b50e-8d259fba2fde\/'><img decoding=\"async\" width=\"150\" height=\"150\" src=\"https:\/\/www.santacroceweb.com\/giornale1\/wp-content\/uploads\/2025\/12\/0429d66e-4cb6-4fcc-b50e-8d259fba2fde-20x15.jpeg\" class=\"attachment-thumbnail size-thumbnail jl-lazyload lazyload\" alt=\"\" data-src=\"https:\/\/www.santacroceweb.com\/giornale1\/wp-content\/uploads\/2025\/12\/0429d66e-4cb6-4fcc-b50e-8d259fba2fde-150x150.jpeg\" \/><\/a>\n\t\t\t<\/div><\/figure><figure class='gallery-item'>\n\t\t\t<div class='gallery-icon portrait'>\n\t\t\t\t<a href='https:\/\/www.santacroceweb.com\/index.php\/2025\/12\/04\/visita-tecnica-di-cannito-e-barci-una-giornata-di-crescita-per-il-citta-di-santa-croce\/6a2cb320-881d-49c6-ac9a-ceb72e324c35\/'><img decoding=\"async\" width=\"150\" height=\"150\" src=\"https:\/\/www.santacroceweb.com\/giornale1\/wp-content\/uploads\/2025\/12\/6a2cb320-881d-49c6-ac9a-ceb72e324c35-20x27.jpeg\" class=\"attachment-thumbnail size-thumbnail jl-lazyload lazyload\" alt=\"\" data-src=\"https:\/\/www.santacroceweb.com\/giornale1\/wp-content\/uploads\/2025\/12\/6a2cb320-881d-49c6-ac9a-ceb72e324c35-150x150.jpeg\" \/><\/a>\n\t\t\t<\/div><\/figure><figure class='gallery-item'>\n\t\t\t<div class='gallery-icon landscape'>\n\t\t\t\t<a href='https:\/\/www.santacroceweb.com\/index.php\/2025\/12\/04\/visita-tecnica-di-cannito-e-barci-una-giornata-di-crescita-per-il-citta-di-santa-croce\/6f65db5c-9e97-45a3-afe0-76a2ba80a288\/'><img decoding=\"async\" width=\"150\" height=\"150\" src=\"https:\/\/www.santacroceweb.com\/giornale1\/wp-content\/uploads\/2025\/12\/6f65db5c-9e97-45a3-afe0-76a2ba80a288-20x15.jpeg\" class=\"attachment-thumbnail size-thumbnail jl-lazyload lazyload\" alt=\"\" data-src=\"https:\/\/www.santacroceweb.com\/giornale1\/wp-content\/uploads\/2025\/12\/6f65db5c-9e97-45a3-afe0-76a2ba80a288-150x150.jpeg\" \/><\/a>\n\t\t\t<\/div><\/figure>\n\t\t<\/div>\nUn pomeriggio diverso e ricco di significato quello vissuto dai giovani calciatori del Citt\u00e0 di Santa Croce, protagonisti di un\u2019importante esperienza tecnica e formativa insieme al mister del SSC Bari, Salvatore Cannito, e al referente organizzativo Marco Barci. Un incontro all\u2019insegna del confronto, della passione e della volont\u00e0 di crescere, reso possibile grazie alla collaborazione instaurata con il club biancorosso.<br \/>\nIl direttore sportivo gialloverde, Giovanni Zisa, ha evidenziato il valore dell\u2019iniziativa:<br \/>\n\u201cUn sentito grazie per la visita di mister Cannito e dell\u2019amico Marco Barci; questo evento \u00e8 importante per noi, perch\u00e9 ogni esperienza vissuta insieme \u00e8 un passo in pi\u00f9 per il nostro futuro\u201d.<br \/>\nLa visita, svoltasi mercoled\u00ec 3 dicembre presso il centro sportivo Santa Rosalia e il nuovo impianto \u201cAngelo Mauro\u201d, ha rappresentato anche un momento di presentazione ufficiale dopo l\u2019affiliazione con il S.S. Bari siglata a inizio stagione. Oltre a tutti i giovani calciatori, hanno partecipato anche i tecnici gialloverdi, coinvolti in un confronto diretto con gli ospiti pugliesi.<br \/>\nSoddisfatto il direttore sportivo Zisa, che ha ribadito l\u2019importanza della collaborazione:<br \/>\n\u201cSiamo felici ed orgogliosi di poter ospitare tecnici e responsabili del settore giovanile del Bari; sar\u00e0 la prima di numerosi incontri\u201d.<\/p>\n","protected":false},"excerpt":{"rendered":"<p>Un pomeriggio diverso e ricco di significato quello vissuto dai giovani calciatori del Citt\u00e0 di Santa Croce, protagonisti di un\u2019importante esperienza tecnica e formativa insieme al mister del SSC Bari, Salvatore Cannito, e al referente organizzativo Marco Barci. Un incontro all\u2019insegna del confronto, della passione e della volont\u00e0 di crescere, reso possibile grazie alla collaborazione [&hellip;]<\/p>\n","protected":false},"author":34,"featured_media":84973,"comment_status":"closed","ping_status":"open","sticky":false,"template":"","format":"standard","meta":{"footnotes":""},"categories":[11,3],"tags":[],"class_list":["post-84971","post","type-post","status-publish","format-standard","has-post-thumbnail","hentry","category-primopiano","category-sport"],"_links":{"self":[{"href":"https:\/\/www.santacroceweb.com\/index.php\/wp-json\/wp\/v2\/posts\/84971","targetHints":{"allow":["GET"]}}],"collection":[{"href":"https:\/\/www.santacroceweb.com\/index.php\/wp-json\/wp\/v2\/posts"}],"about":[{"href":"https:\/\/www.santacroceweb.com\/index.php\/wp-json\/wp\/v2\/types\/post"}],"author":[{"embeddable":true,"href":"https:\/\/www.santacroceweb.com\/index.php\/wp-json\/wp\/v2\/users\/34"}],"replies":[{"embeddable":true,"href":"https:\/\/www.santacroceweb.com\/index.php\/wp-json\/wp\/v2\/comments?post=84971"}],"version-history":[{"count":1,"href":"https:\/\/www.santacroceweb.com\/index.php\/wp-json\/wp\/v2\/posts\/84971\/revisions"}],"predecessor-version":[{"id":84977,"href":"https:\/\/www.santacroceweb.com\/index.php\/wp-json\/wp\/v2\/posts\/84971\/revisions\/84977"}],"wp:featuredmedia":[{"embeddable":true,"href":"https:\/\/www.santacroceweb.com\/index.php\/wp-json\/wp\/v2\/media\/84973"}],"wp:attachment":[{"href":"https:\/\/www.santacroceweb.com\/index.php\/wp-json\/wp\/v2\/media?parent=84971"}],"wp:term":[{"taxonomy":"category","embeddable":true,"href":"https:\/\/www.santacroceweb.com\/index.php\/wp-json\/wp\/v2\/categories?post=84971"},{"taxonomy":"post_tag","embeddable":true,"href":"https:\/\/www.santacroceweb.com\/index.php\/wp-json\/wp\/v2\/tags?post=84971"}],"curies":[{"name":"wp","href":"https:\/\/api.w.org\/{rel}","templated":true}]}}