{"id":84982,"date":"2025-12-05T12:05:24","date_gmt":"2025-12-05T11:05:24","guid":{"rendered":"https:\/\/www.santacroceweb.com\/?p=84982"},"modified":"2025-12-05T12:05:24","modified_gmt":"2025-12-05T11:05:24","slug":"santa-croce-camerina-pronta-a-natale-2025","status":"publish","type":"post","link":"https:\/\/www.santacroceweb.com\/index.php\/2025\/12\/05\/santa-croce-camerina-pronta-a-natale-2025\/","title":{"rendered":"Santa Croce Camerina pronta a Natale 2025"},"content":{"rendered":"<p><img fetchpriority=\"high\" decoding=\"async\" src=\"data:image\/gif;base64,R0lGODlhAQABAAAAACH5BAEKAAEALAAAAAABAAEAAAICTAEAOw==\" data-src=\"https:\/\/www.santacroceweb.com\/giornale1\/wp-content\/uploads\/2025\/12\/IMG_2136-213x300.jpeg\" alt=\"\" width=\"213\" height=\"300\" class=\"alignnone size-medium wp-image-84983 lazyload\" data-sizes=\"auto\" data-srcset=\"https:\/\/www.santacroceweb.com\/giornale1\/wp-content\/uploads\/2025\/12\/IMG_2136-213x300.jpeg 213w, https:\/\/www.santacroceweb.com\/giornale1\/wp-content\/uploads\/2025\/12\/IMG_2136-200x282.jpeg 200w, https:\/\/www.santacroceweb.com\/giornale1\/wp-content\/uploads\/2025\/12\/IMG_2136-20x28.jpeg 20w, https:\/\/www.santacroceweb.com\/giornale1\/wp-content\/uploads\/2025\/12\/IMG_2136.jpeg 561w\" sizes=\"(max-width: 213px) 100vw, 213px\" \/><\/p>\n<p>Il Comune di Santa Croce, insieme al Libero Consorzio Comunale di Ragusa, alla Regione Siciliana \u2013 Assessorato Turismo, Sport e Spettacolo e alle associazioni del territorio, ha presentato il programma del Natale 2025, un calendario di iniziative che animer\u00e0 la citt\u00e0 dal 6 dicembre al 6 gennaio.<\/p>\n<p>Il cartellone coinvolger\u00e0 attivamente realt\u00e0 culturali, gruppi giovanili, associazioni musicali, volontariato e Pro Loco. Tra gli appuntamenti pi\u00f9 attesi figurano l\u2019arrivo di San Nicola e le attivit\u00e0 dedicate ai bambini, l\u2019inaugurazione dell\u2019Albero della Speranza a Punta Secca, l\u2019accensione dell\u2019Albero di Natale in Piazza Vittorio Emanuele II accompagnata dal Risveglio Bandistico Kamarinense, insieme al Presepe Naturale, agli spettacoli equestri e alle numerose iniziative per i pi\u00f9 piccoli. Non mancheranno i concerti natalizi, le rassegne musicali, il grande Concerto Gospel in piazza, le giornate della solidariet\u00e0 con la raccolta e distribuzione di giocattoli, cos\u00ec come spettacoli di strada, eventi itineranti, la tradizionale tombolata e le attivit\u00e0 dedicate agli anziani con \u201cBuon Anno ai Nonni\u201d. A chiudere il periodo festivo sar\u00e0 la festa dell\u2019Epifania, con la Befabike, il corteo, la Street Band e la distribuzione delle calze ai bambini.<\/p>\n<p>Il programma comprende inoltre appuntamenti culturali, tra cui le visite alla Casa del Commissario Montalbano e il Presepe allestito in Piazza Concordia, visitabile fino al 31 gennaio.<\/p>\n<p>Il sindaco Peppe Dimartino ha sottolineato come anche quest\u2019anno sia stato costruito un programma ricco e partecipato, ringraziando associazioni, volontari e l\u2019assessore Roberta Iacono per il coordinamento, insieme all\u2019intera Giunta comunale per il lavoro sinergico.<\/p>\n","protected":false},"excerpt":{"rendered":"<p>Il Comune di Santa Croce, insieme al Libero Consorzio Comunale di Ragusa, alla Regione Siciliana \u2013 Assessorato Turismo, Sport e Spettacolo e alle associazioni del territorio, ha presentato il programma del Natale 2025, un calendario di iniziative che animer\u00e0 la citt\u00e0 dal 6 dicembre al 6 gennaio. Il cartellone coinvolger\u00e0 attivamente realt\u00e0 culturali, gruppi giovanili, [&hellip;]<\/p>\n","protected":false},"author":34,"featured_media":84984,"comment_status":"closed","ping_status":"open","sticky":false,"template":"","format":"standard","meta":{"footnotes":""},"categories":[1],"tags":[],"class_list":["post-84982","post","type-post","status-publish","format-standard","has-post-thumbnail","hentry","category-news"],"_links":{"self":[{"href":"https:\/\/www.santacroceweb.com\/index.php\/wp-json\/wp\/v2\/posts\/84982","targetHints":{"allow":["GET"]}}],"collection":[{"href":"https:\/\/www.santacroceweb.com\/index.php\/wp-json\/wp\/v2\/posts"}],"about":[{"href":"https:\/\/www.santacroceweb.com\/index.php\/wp-json\/wp\/v2\/types\/post"}],"author":[{"embeddable":true,"href":"https:\/\/www.santacroceweb.com\/index.php\/wp-json\/wp\/v2\/users\/34"}],"replies":[{"embeddable":true,"href":"https:\/\/www.santacroceweb.com\/index.php\/wp-json\/wp\/v2\/comments?post=84982"}],"version-history":[{"count":1,"href":"https:\/\/www.santacroceweb.com\/index.php\/wp-json\/wp\/v2\/posts\/84982\/revisions"}],"predecessor-version":[{"id":84985,"href":"https:\/\/www.santacroceweb.com\/index.php\/wp-json\/wp\/v2\/posts\/84982\/revisions\/84985"}],"wp:featuredmedia":[{"embeddable":true,"href":"https:\/\/www.santacroceweb.com\/index.php\/wp-json\/wp\/v2\/media\/84984"}],"wp:attachment":[{"href":"https:\/\/www.santacroceweb.com\/index.php\/wp-json\/wp\/v2\/media?parent=84982"}],"wp:term":[{"taxonomy":"category","embeddable":true,"href":"https:\/\/www.santacroceweb.com\/index.php\/wp-json\/wp\/v2\/categories?post=84982"},{"taxonomy":"post_tag","embeddable":true,"href":"https:\/\/www.santacroceweb.com\/index.php\/wp-json\/wp\/v2\/tags?post=84982"}],"curies":[{"name":"wp","href":"https:\/\/api.w.org\/{rel}","templated":true}]}}