{"id":85023,"date":"2025-12-10T16:01:06","date_gmt":"2025-12-10T15:01:06","guid":{"rendered":"https:\/\/www.santacroceweb.com\/?p=85023"},"modified":"2025-12-10T16:01:06","modified_gmt":"2025-12-10T15:01:06","slug":"servizio-civile-lasp-di-ragusa-premiata-tra-gli-enti-virtuosi-un-modello-di-accoglienza-e-innovazione","status":"publish","type":"post","link":"https:\/\/www.santacroceweb.com\/index.php\/2025\/12\/10\/servizio-civile-lasp-di-ragusa-premiata-tra-gli-enti-virtuosi-un-modello-di-accoglienza-e-innovazione\/","title":{"rendered":"Servizio Civile, l\u2019ASP di Ragusa premiata tra gli enti virtuosi: un modello di accoglienza e innovazione"},"content":{"rendered":"<p>Si \u00e8 tenuta questa mattina, nella sala \u201cRusso-Armenia\u201d di piazza Igea, la cerimonia di consegna del premio \u201cEnte virtuoso amico della Rappresentanza SCU\u201d all\u2019ASP di Ragusa, selezionata tra i cinque enti siciliani che si sono distinti per l\u2019attenzione, la sensibilit\u00e0 e la collaborazione dimostrata negli anni nei confronti della Rappresentanza degli Operatori Volontari del Servizio Civile Universale. Il premio consiste in un attestato incorniciato e in una copia del volume realizzato dalla Rappresentanza Nazionale degli Operatori Volontari, in collaborazione con il Ministro per lo Sport e i Giovani Andrea Abodi, il Dipartimento per le Politiche Giovanili, il Servizio Civile Universale e diversi stakeholder istituzionali.<br \/>\nOltre alla Direzione strategica, erano presenti il Direttore degli Ospedali di Ragusa Giuseppe Cappello, il Direttore della U.O.C. Affari generali Giovanni Tolomeo, il Coordinatore aziendale del Servizio Civile Piero Mandar\u00e0 e gli operatori locali di progetto. Per la Rappresentanza degli Operatori Volontari \u00e8 intervenuto Emanuele Occhipinti, gi\u00e0 operatore del Servizio Civile; presente anche Paolo Santoro, presidente di A.S.SO.D. Ets.<br \/>\nL\u2019ASP, dopo aver ottenuto l\u2019accreditamento al Dipartimento per le Politiche giovanili e il Servizio Civile Universale nel 2019, \u00e8 iscritta dal 29 aprile 2020 all\u2019Albo Nazionale. Dal 2021 al 2025 sono stati finanziati dodici progetti tra Servizio Civile Universale Ordinario e Digitale, per un totale di 168 operatori volontari avviati. A questi si aggiungono ulteriori 30 giovani inseriti attraverso il canale \u201cGaranzia Giovani\u201d. Sul piano economico, la capacit\u00e0 progettuale dell\u2019ASP ha consentito di intercettare circa 1,2 milioni di euro destinati alle attivit\u00e0 progettuali.<br \/>\n\u201cQuesto premio rappresenta un riconoscimento importante non solo per l\u2019Azienda, ma per l\u2019intera comunit\u00e0 dei giovani che hanno scelto di dedicare un anno della propria vita al Servizio Civile &#8211; ha detto il Direttore generale dell\u2019ASP, Giuseppe Drago -. La loro presenza nei nostri presidi sanitari \u00e8 diventata essenziale: penso, ad esempio, al supporto quotidiano all\u2019utenza per il pagamento del ticket tramite i totem digitali o alle attivit\u00e0 di orientamento nei punti di accoglienza. \u00c8 una collaborazione che funziona perch\u00e9 si fonda su una vera simbiosi tra i Volontari e l\u2019Azienda: noi offriamo loro formazione, crescita e responsabilit\u00e0; loro ci restituiscono entusiasmo, competenze e un contributo concreto al buon funzionamento dei servizi\u201d.<img fetchpriority=\"high\" decoding=\"async\" src=\"data:image\/gif;base64,R0lGODlhAQABAAAAACH5BAEKAAEALAAAAAABAAEAAAICTAEAOw==\" data-src=\"https:\/\/www.santacroceweb.com\/giornale1\/wp-content\/uploads\/2025\/12\/IMG_2245-300x169.jpeg\" alt=\"\" width=\"300\" height=\"169\" class=\"alignnone size-medium wp-image-85025 lazyload\" data-sizes=\"auto\" data-srcset=\"https:\/\/www.santacroceweb.com\/giornale1\/wp-content\/uploads\/2025\/12\/IMG_2245-300x169.jpeg 300w, https:\/\/www.santacroceweb.com\/giornale1\/wp-content\/uploads\/2025\/12\/IMG_2245-1024x576.jpeg 1024w, https:\/\/www.santacroceweb.com\/giornale1\/wp-content\/uploads\/2025\/12\/IMG_2245-768x432.jpeg 768w, https:\/\/www.santacroceweb.com\/giornale1\/wp-content\/uploads\/2025\/12\/IMG_2245-1536x864.jpeg 1536w, https:\/\/www.santacroceweb.com\/giornale1\/wp-content\/uploads\/2025\/12\/IMG_2245-1100x619.jpeg 1100w, https:\/\/www.santacroceweb.com\/giornale1\/wp-content\/uploads\/2025\/12\/IMG_2245-680x383.jpeg 680w, https:\/\/www.santacroceweb.com\/giornale1\/wp-content\/uploads\/2025\/12\/IMG_2245-200x113.jpeg 200w, https:\/\/www.santacroceweb.com\/giornale1\/wp-content\/uploads\/2025\/12\/IMG_2245-20x11.jpeg 20w, https:\/\/www.santacroceweb.com\/giornale1\/wp-content\/uploads\/2025\/12\/IMG_2245.jpeg 1600w\" sizes=\"(max-width: 300px) 100vw, 300px\" \/><\/p>\n<p><img decoding=\"async\" src=\"data:image\/gif;base64,R0lGODlhAQABAAAAACH5BAEKAAEALAAAAAABAAEAAAICTAEAOw==\" data-src=\"https:\/\/www.santacroceweb.com\/giornale1\/wp-content\/uploads\/2025\/12\/IMG_2247-300x225.jpeg\" alt=\"\" width=\"300\" height=\"225\" class=\"alignnone size-medium wp-image-85026 lazyload\" data-sizes=\"auto\" data-srcset=\"https:\/\/www.santacroceweb.com\/giornale1\/wp-content\/uploads\/2025\/12\/IMG_2247-300x225.jpeg 300w, https:\/\/www.santacroceweb.com\/giornale1\/wp-content\/uploads\/2025\/12\/IMG_2247-1024x768.jpeg 1024w, https:\/\/www.santacroceweb.com\/giornale1\/wp-content\/uploads\/2025\/12\/IMG_2247-768x576.jpeg 768w, https:\/\/www.santacroceweb.com\/giornale1\/wp-content\/uploads\/2025\/12\/IMG_2247-1536x1152.jpeg 1536w, https:\/\/www.santacroceweb.com\/giornale1\/wp-content\/uploads\/2025\/12\/IMG_2247-1100x825.jpeg 1100w, https:\/\/www.santacroceweb.com\/giornale1\/wp-content\/uploads\/2025\/12\/IMG_2247-680x510.jpeg 680w, https:\/\/www.santacroceweb.com\/giornale1\/wp-content\/uploads\/2025\/12\/IMG_2247-200x150.jpeg 200w, https:\/\/www.santacroceweb.com\/giornale1\/wp-content\/uploads\/2025\/12\/IMG_2247-20x15.jpeg 20w, https:\/\/www.santacroceweb.com\/giornale1\/wp-content\/uploads\/2025\/12\/IMG_2247.jpeg 1600w\" sizes=\"(max-width: 300px) 100vw, 300px\" \/><\/p>\n","protected":false},"excerpt":{"rendered":"<p>Si \u00e8 tenuta questa mattina, nella sala \u201cRusso-Armenia\u201d di piazza Igea, la cerimonia di consegna del premio \u201cEnte virtuoso amico della Rappresentanza SCU\u201d all\u2019ASP di Ragusa, selezionata tra i cinque enti siciliani che si sono distinti per l\u2019attenzione, la sensibilit\u00e0 e la collaborazione dimostrata negli anni nei confronti della Rappresentanza degli Operatori Volontari del Servizio [&hellip;]<\/p>\n","protected":false},"author":34,"featured_media":85024,"comment_status":"closed","ping_status":"open","sticky":false,"template":"","format":"standard","meta":{"footnotes":""},"categories":[8,11],"tags":[],"class_list":["post-85023","post","type-post","status-publish","format-standard","has-post-thumbnail","hentry","category-attualita","category-primopiano"],"_links":{"self":[{"href":"https:\/\/www.santacroceweb.com\/index.php\/wp-json\/wp\/v2\/posts\/85023","targetHints":{"allow":["GET"]}}],"collection":[{"href":"https:\/\/www.santacroceweb.com\/index.php\/wp-json\/wp\/v2\/posts"}],"about":[{"href":"https:\/\/www.santacroceweb.com\/index.php\/wp-json\/wp\/v2\/types\/post"}],"author":[{"embeddable":true,"href":"https:\/\/www.santacroceweb.com\/index.php\/wp-json\/wp\/v2\/users\/34"}],"replies":[{"embeddable":true,"href":"https:\/\/www.santacroceweb.com\/index.php\/wp-json\/wp\/v2\/comments?post=85023"}],"version-history":[{"count":1,"href":"https:\/\/www.santacroceweb.com\/index.php\/wp-json\/wp\/v2\/posts\/85023\/revisions"}],"predecessor-version":[{"id":85027,"href":"https:\/\/www.santacroceweb.com\/index.php\/wp-json\/wp\/v2\/posts\/85023\/revisions\/85027"}],"wp:featuredmedia":[{"embeddable":true,"href":"https:\/\/www.santacroceweb.com\/index.php\/wp-json\/wp\/v2\/media\/85024"}],"wp:attachment":[{"href":"https:\/\/www.santacroceweb.com\/index.php\/wp-json\/wp\/v2\/media?parent=85023"}],"wp:term":[{"taxonomy":"category","embeddable":true,"href":"https:\/\/www.santacroceweb.com\/index.php\/wp-json\/wp\/v2\/categories?post=85023"},{"taxonomy":"post_tag","embeddable":true,"href":"https:\/\/www.santacroceweb.com\/index.php\/wp-json\/wp\/v2\/tags?post=85023"}],"curies":[{"name":"wp","href":"https:\/\/api.w.org\/{rel}","templated":true}]}}