{"id":85028,"date":"2025-12-10T17:30:51","date_gmt":"2025-12-10T16:30:51","guid":{"rendered":"https:\/\/www.santacroceweb.com\/?p=85028"},"modified":"2025-12-10T17:30:51","modified_gmt":"2025-12-10T16:30:51","slug":"shine-per-emergency-cresce-lattesa-per-il-concerto-del-13-dicembre-al-teatro-perracchio","status":"publish","type":"post","link":"https:\/\/www.santacroceweb.com\/index.php\/2025\/12\/10\/shine-per-emergency-cresce-lattesa-per-il-concerto-del-13-dicembre-al-teatro-perracchio\/","title":{"rendered":"Shine per Emergency: cresce l\u2019attesa per il concerto del 13 dicembre al Teatro Perracchio"},"content":{"rendered":"<p>Mancano ormai pochi giorni al concerto solidale promosso dall\u2019Associazione Musicale Shine e dedicato quest\u2019anno a Emergency. L\u2019appuntamento, fissato per sabato 13 dicembre alle ore 18:00 al Teatro Perracchio, sta gi\u00e0 registrando un forte entusiasmo: il numero di prenotazioni raccolte su Eventbrite nelle prime ore dall\u2019apertura indica una partecipazione ampia e calorosa, segnale evidente dell\u2019interesse della comunit\u00e0 verso un evento che unisce musica, arte e impegno civile.<br \/>\nShine, realt\u00e0 culturale radicata a Ragusa dal 2004, continua a distinguersi per la capacit\u00e0 di trasformare i propri spettacoli in veri percorsi collettivi. Anche in questa edizione, la direzione artistica e tecnica \u00e8 affidata al Presidente Giovanni Leon Dall\u2019\u00d2 e alla Vicepresidente Vera Sorrentino, affiancati dall\u2019intero team dei docenti.<br \/>\nLa dimensione musicale nasce dal lavoro condiviso tra Alessia Pallavicino, responsabile delle classi di canto e protagonista di un medley originale insieme a Fabrizia Ruospo, curatrice delle sezioni corali; Giuseppe Di Stefano, autore delle partiture strumentali e vocali, coordinatore del lavoro preparatorio; Benedetto Gulino, che contribuisce alla progettazione dei suoni orchestrali ed elettronici oltre che alle partiture; Gianfranco Giummarra, responsabile delle band delle classi di musica d\u2019insieme; e Giovanni Fiore, alla guida dell\u2019intera sezione ritmica. Tutti saranno presenti sul palco accanto agli allievi, come da tradizione Shine.<br \/>\nLa serata sar\u00e0 arricchita da ospiti che offriranno un ulteriore contributo artistico e culturale. La presenza del Maestro Marco D\u2019Avola al pianoforte e del Modica Gospel Choir della Torino Gospel Academy garantir\u00e0 momenti musicali di grande intensit\u00e0. Ad accogliere il pubblico nel foyer del teatro saranno inoltre le sculture di arte moderna di Roberto Ingallinera e i dipinti di Veronica Diquattro, creando un percorso visivo che accompagner\u00e0 l\u2019esperienza dell\u2019evento.<br \/>\n\u00c8 prevista anche la partecipazione istituzionale dell\u2019Assessore alle Politiche Sociali, Elvira Adamo, che terr\u00e0 un breve intervento nel corso della serata, in linea con il tema dedicato al sostegno di Emergency.<br \/>\nSul fronte dei contributi, l\u2019iniziativa \u00e8 realizzata grazie al supporto del Comune di Ragusa, nell\u2019ambito dei contributi straordinari per la cultura 2025. La manifestazione \u00e8 sostenuta anche dal Libero Consorzio Comunale di Ragusa, nonch\u00e9 da un contributo istituzionale erogato dal Deputato Questore della Assemblea Regionale Siciliana, On. Nello Dipasquale.<br \/>\nIl tessuto locale sta rispondendo con grande sensibilit\u00e0: accanto ai principali sostenitori QKODE Srl, Ramaddini \u2013 vignaioli a Marzamemi e BCC Pachino \u2013 filiale di Ragusa, si affiancano Asta Carburanti e Vitality, oltre ai supporter pi\u00f9 piccoli come Autoscuola Tumino, Carmelinda \u2013 parrucchieri e Figaro \u2013 barbieri di Sicilia, che hanno scelto di sostenere l\u2019iniziativa contribuendo alla sua realizzazione complessiva.<br \/>\nL\u2019ingresso al concerto \u00e8 gratuito, fino a esaurimento posti, e le prenotazioni rimangono disponibili sulla piattaforma Eventbrite: https:\/\/musica-senza-confini-shine-emergency.eventbrite.com<br \/>\nLa serata si preannuncia come un appuntamento in cui la musica diventa gesto concreto di solidariet\u00e0, in favore delle attivit\u00e0 di Emergency, che da anni offre cure gratuite alle vittime di guerra, povert\u00e0 e migrazioni: https:\/\/sostieni.emergency.it<br \/>\nUn invito, dunque, a partecipare a un evento che racconta come la cultura possa essere luogo di incontro, sostegno reciproco e condivisione.<\/p>\n","protected":false},"excerpt":{"rendered":"<p>Mancano ormai pochi giorni al concerto solidale promosso dall\u2019Associazione Musicale Shine e dedicato quest\u2019anno a Emergency. L\u2019appuntamento, fissato per sabato 13 dicembre alle ore 18:00 al Teatro Perracchio, sta gi\u00e0 registrando un forte entusiasmo: il numero di prenotazioni raccolte su Eventbrite nelle prime ore dall\u2019apertura indica una partecipazione ampia e calorosa, segnale evidente dell\u2019interesse della [&hellip;]<\/p>\n","protected":false},"author":34,"featured_media":85029,"comment_status":"closed","ping_status":"open","sticky":false,"template":"","format":"standard","meta":{"footnotes":""},"categories":[6,22],"tags":[],"class_list":["post-85028","post","type-post","status-publish","format-standard","has-post-thumbnail","hentry","category-culturaespettacolo","category-provincia"],"_links":{"self":[{"href":"https:\/\/www.santacroceweb.com\/index.php\/wp-json\/wp\/v2\/posts\/85028","targetHints":{"allow":["GET"]}}],"collection":[{"href":"https:\/\/www.santacroceweb.com\/index.php\/wp-json\/wp\/v2\/posts"}],"about":[{"href":"https:\/\/www.santacroceweb.com\/index.php\/wp-json\/wp\/v2\/types\/post"}],"author":[{"embeddable":true,"href":"https:\/\/www.santacroceweb.com\/index.php\/wp-json\/wp\/v2\/users\/34"}],"replies":[{"embeddable":true,"href":"https:\/\/www.santacroceweb.com\/index.php\/wp-json\/wp\/v2\/comments?post=85028"}],"version-history":[{"count":1,"href":"https:\/\/www.santacroceweb.com\/index.php\/wp-json\/wp\/v2\/posts\/85028\/revisions"}],"predecessor-version":[{"id":85030,"href":"https:\/\/www.santacroceweb.com\/index.php\/wp-json\/wp\/v2\/posts\/85028\/revisions\/85030"}],"wp:featuredmedia":[{"embeddable":true,"href":"https:\/\/www.santacroceweb.com\/index.php\/wp-json\/wp\/v2\/media\/85029"}],"wp:attachment":[{"href":"https:\/\/www.santacroceweb.com\/index.php\/wp-json\/wp\/v2\/media?parent=85028"}],"wp:term":[{"taxonomy":"category","embeddable":true,"href":"https:\/\/www.santacroceweb.com\/index.php\/wp-json\/wp\/v2\/categories?post=85028"},{"taxonomy":"post_tag","embeddable":true,"href":"https:\/\/www.santacroceweb.com\/index.php\/wp-json\/wp\/v2\/tags?post=85028"}],"curies":[{"name":"wp","href":"https:\/\/api.w.org\/{rel}","templated":true}]}}