{"id":85337,"date":"2026-01-21T14:42:30","date_gmt":"2026-01-21T13:42:30","guid":{"rendered":"https:\/\/www.santacroceweb.com\/?p=85337"},"modified":"2026-01-21T14:42:30","modified_gmt":"2026-01-21T13:42:30","slug":"maltempo-sulla-fascia-costiera-il-sindaco-dimartino-danni-ingenti-chiederemo-lo-stato-di-calamita","status":"publish","type":"post","link":"https:\/\/www.santacroceweb.com\/index.php\/2026\/01\/21\/maltempo-sulla-fascia-costiera-il-sindaco-dimartino-danni-ingenti-chiederemo-lo-stato-di-calamita\/","title":{"rendered":"Maltempo sulla fascia costiera, il sindaco Dimartino: \u201cDanni ingenti, chiederemo lo stato di calamit\u00e0\u201d \u00a0"},"content":{"rendered":"<p>Dopo due giorni di intenso maltempo che hanno colpito la fascia costiera del territorio, l\u2019Amministrazione comunale di Santa Croce Camerina ha avviato sin dalle prime ore di oggi la ricognizione dei danni provocati dagli eventi atmosferici.<br \/>\nA fare il punto della situazione direttamente da Punta Secca \u00e8 il sindaco Peppe Dimartino, che sottolinea come l\u2019emergenza sia stata affrontata con tempestivit\u00e0 e senso di responsabilit\u00e0 da tutta la macchina comunale.<br \/>\n\u00a0<br \/>\n\u201cDalle prime ore di stamattina \u2013 dichiara il sindaco \u2013 ci siamo attivati per una prima valutazione dei danni causati da questi due giorni di maltempo che hanno interessato soprattutto la nostra fascia costiera. Nel resto del territorio comunale si sono registrati danni lievi, in particolare alla vegetazione e ad alcune palificazioni, situazioni sulle quali la nostra Protezione civile \u00e8 intervenuta prontamente\u201d.<br \/>\nLa situazione pi\u00f9 critica riguarda per\u00f2 il litorale, dove gi\u00e0 dalla giornata di ieri si sono verificati fenomeni particolarmente gravi. \u201cAlcuni stabilimenti balneari hanno subito danni significativi \u2013 spiega Dimartino \u2013 e purtroppo uno \u00e8 andato completamente distrutto. Siamo vicini ai titolari delle attivit\u00e0 colpite: come Amministrazione ci siamo e ci saremo, garantendo tutto il supporto possibile. Procederemo certamente con la richiesta dello stato di calamit\u00e0\u201d.<br \/>\n\u00a0<br \/>\nIl sindaco torna poi sul tema, pi\u00f9 che mai attuale, della difesa della costa. \u201cLa tutela del nostro litorale \u00e8 una priorit\u00e0 non pi\u00f9 rinviabile. Il Comune di Santa Croce Camerina ha presentato un progetto gi\u00e0 nell\u2019ottobre 2023, finanziato nel maggio 2024 attraverso il Fondo per lo Sviluppo e la Coesione dal Governo nazionale. Purtroppo siamo ancora in attesa dei pareri necessari, ma oggi \u00e8 evidente che occorre intervenire immediatamente\u201d.<br \/>\n\u00a0<br \/>\nL\u2019appello \u00e8 chiaro: \u201cServe mettere in sicurezza tutta la nostra costa, da Torre di Mezzo a Punta Secca, passando per la zona pi\u00f9 complessa di Caucana, fino a Casuzze. Non possiamo perdere altro tempo. Per questo chiediamo con forza il supporto del Governo regionale affinch\u00e9 si possa avviare al pi\u00f9 presto l\u2019esecuzione dei lavori\u201d.<br \/>\n\u00a0<br \/>\nAl momento, la zona maggiormente colpita risulta essere Punta Secca, in particolare il tratto che va dal lungomare fino alla zona delle Anticaglie e al porticciolo. \u201cFortunatamente \u2013 precisa il sindaco \u2013 altre aree sono state meno interessate e, al netto dell\u2019erosione della spiaggia, non si registrano danni a persone o abitazioni. Anche il comparto agricolo non ha subito conseguenze\u201d.<br \/>\n\u00a0<br \/>\nDimartino conclude con un ringraziamento sentito a tutta la struttura comunale: \u201cDesidero ringraziare di cuore ogni singolo volontario del gruppo comunale di Protezione civile, i coordinatori e tutti coloro che in questi due giorni hanno lavorato senza sosta. Ho potuto constatare ancora una volta la loro grande professionalit\u00e0 e il loro spirito di servizio. Un ringraziamento va anche a tutti gli uffici comunali, in particolare ai servizi tecnici, che da stamattina sono al lavoro per ripristinare l\u2019ordinariet\u00e0 e fare in modo che questo maltempo resti solo un brutto ricordo per la nostra comunit\u00e0\u201d.<\/p>\n","protected":false},"excerpt":{"rendered":"<p>Dopo due giorni di intenso maltempo che hanno colpito la fascia costiera del territorio, l\u2019Amministrazione comunale di Santa Croce Camerina ha avviato sin dalle prime ore di oggi la ricognizione dei danni provocati dagli eventi atmosferici. A fare il punto della situazione direttamente da Punta Secca \u00e8 il sindaco Peppe Dimartino, che sottolinea come l\u2019emergenza [&hellip;]<\/p>\n","protected":false},"author":34,"featured_media":85338,"comment_status":"closed","ping_status":"open","sticky":false,"template":"","format":"standard","meta":{"footnotes":""},"categories":[8,1],"tags":[],"class_list":["post-85337","post","type-post","status-publish","format-standard","has-post-thumbnail","hentry","category-attualita","category-news"],"_links":{"self":[{"href":"https:\/\/www.santacroceweb.com\/index.php\/wp-json\/wp\/v2\/posts\/85337","targetHints":{"allow":["GET"]}}],"collection":[{"href":"https:\/\/www.santacroceweb.com\/index.php\/wp-json\/wp\/v2\/posts"}],"about":[{"href":"https:\/\/www.santacroceweb.com\/index.php\/wp-json\/wp\/v2\/types\/post"}],"author":[{"embeddable":true,"href":"https:\/\/www.santacroceweb.com\/index.php\/wp-json\/wp\/v2\/users\/34"}],"replies":[{"embeddable":true,"href":"https:\/\/www.santacroceweb.com\/index.php\/wp-json\/wp\/v2\/comments?post=85337"}],"version-history":[{"count":1,"href":"https:\/\/www.santacroceweb.com\/index.php\/wp-json\/wp\/v2\/posts\/85337\/revisions"}],"predecessor-version":[{"id":85339,"href":"https:\/\/www.santacroceweb.com\/index.php\/wp-json\/wp\/v2\/posts\/85337\/revisions\/85339"}],"wp:featuredmedia":[{"embeddable":true,"href":"https:\/\/www.santacroceweb.com\/index.php\/wp-json\/wp\/v2\/media\/85338"}],"wp:attachment":[{"href":"https:\/\/www.santacroceweb.com\/index.php\/wp-json\/wp\/v2\/media?parent=85337"}],"wp:term":[{"taxonomy":"category","embeddable":true,"href":"https:\/\/www.santacroceweb.com\/index.php\/wp-json\/wp\/v2\/categories?post=85337"},{"taxonomy":"post_tag","embeddable":true,"href":"https:\/\/www.santacroceweb.com\/index.php\/wp-json\/wp\/v2\/tags?post=85337"}],"curies":[{"name":"wp","href":"https:\/\/api.w.org\/{rel}","templated":true}]}}