{"id":85344,"date":"2026-01-22T18:56:31","date_gmt":"2026-01-22T17:56:31","guid":{"rendered":"https:\/\/www.santacroceweb.com\/?p=85344"},"modified":"2026-01-22T18:57:14","modified_gmt":"2026-01-22T17:57:14","slug":"sicurezza-urbana-il-sindaco-peppe-dimartino-riceve-il-nuovo-questore-di-ragusa-salvatore-fazzino","status":"publish","type":"post","link":"https:\/\/www.santacroceweb.com\/index.php\/2026\/01\/22\/sicurezza-urbana-il-sindaco-peppe-dimartino-riceve-il-nuovo-questore-di-ragusa-salvatore-fazzino\/","title":{"rendered":"Sicurezza urbana, il sindaco Peppe\u00a0Dimartino riceve il nuovo Questore di Ragusa, Salvatore Fazzino"},"content":{"rendered":"<p>Il sindaco di Santa Croce Camerina, Peppe Dimartino, insieme alla Giunta comunale e al presidente del Consiglio comunale, ha incontrato questa mattina in Municipio il nuovo Questore della provincia di Ragusa, dott. Salvatore Fazzino, in occasione della sua prima visita istituzionale in citt\u00e0.<br \/>\n&#8220;\u00c8 stato un incontro molto cordiale e proficuo \u2013 ha dichiarato il sindaco Dimartino \u2013 che ci ha permesso di ringraziare il Questore per la graditissima visita e di rivolgergli il nostro benvenuto a Santa Croce Camerina, augurandogli buon lavoro nel nuovo e delicato incarico&#8221;.<br \/>\nNel corso della riunione, alla presenza del comandante della Polizia Locale, l&#8217;amministrazione comunale ha illustrato le azioni e le misure gi\u00e0 attuate a tutela della sicurezza urbana, affrontando al contempo le principali criticit\u00e0 e le specificit\u00e0 che caratterizzano il contesto territoriale di Santa Croce Camerina.<br \/>\n&#8220;Abbiamo riscontrato grande attenzione, disponibilit\u00e0 e spirito di collaborazione da parte del Questore \u2013 ha aggiunto il sindaco \u2013 elementi fondamentali per rafforzare il presidio di legalit\u00e0 e migliorare ulteriormente i livelli di sicurezza nella nostra comunit\u00e0&#8221;.<br \/>\nL&#8217;incontro si \u00e8 concluso nel segno di una sinergia istituzionale concreta, con l&#8217;impegno condiviso a proseguire un percorso di collaborazione tra Comune e Questura.<\/p>\n","protected":false},"excerpt":{"rendered":"<p>Il sindaco di Santa Croce Camerina, Peppe Dimartino, insieme alla Giunta comunale e al presidente del Consiglio comunale, ha incontrato questa mattina in Municipio il nuovo Questore della provincia di Ragusa, dott. Salvatore Fazzino, in occasione della sua prima visita istituzionale in citt\u00e0. &#8220;\u00c8 stato un incontro molto cordiale e proficuo \u2013 ha dichiarato il [&hellip;]<\/p>\n","protected":false},"author":34,"featured_media":85345,"comment_status":"closed","ping_status":"open","sticky":false,"template":"","format":"standard","meta":{"footnotes":""},"categories":[8],"tags":[],"class_list":["post-85344","post","type-post","status-publish","format-standard","has-post-thumbnail","hentry","category-attualita"],"_links":{"self":[{"href":"https:\/\/www.santacroceweb.com\/index.php\/wp-json\/wp\/v2\/posts\/85344","targetHints":{"allow":["GET"]}}],"collection":[{"href":"https:\/\/www.santacroceweb.com\/index.php\/wp-json\/wp\/v2\/posts"}],"about":[{"href":"https:\/\/www.santacroceweb.com\/index.php\/wp-json\/wp\/v2\/types\/post"}],"author":[{"embeddable":true,"href":"https:\/\/www.santacroceweb.com\/index.php\/wp-json\/wp\/v2\/users\/34"}],"replies":[{"embeddable":true,"href":"https:\/\/www.santacroceweb.com\/index.php\/wp-json\/wp\/v2\/comments?post=85344"}],"version-history":[{"count":1,"href":"https:\/\/www.santacroceweb.com\/index.php\/wp-json\/wp\/v2\/posts\/85344\/revisions"}],"predecessor-version":[{"id":85346,"href":"https:\/\/www.santacroceweb.com\/index.php\/wp-json\/wp\/v2\/posts\/85344\/revisions\/85346"}],"wp:featuredmedia":[{"embeddable":true,"href":"https:\/\/www.santacroceweb.com\/index.php\/wp-json\/wp\/v2\/media\/85345"}],"wp:attachment":[{"href":"https:\/\/www.santacroceweb.com\/index.php\/wp-json\/wp\/v2\/media?parent=85344"}],"wp:term":[{"taxonomy":"category","embeddable":true,"href":"https:\/\/www.santacroceweb.com\/index.php\/wp-json\/wp\/v2\/categories?post=85344"},{"taxonomy":"post_tag","embeddable":true,"href":"https:\/\/www.santacroceweb.com\/index.php\/wp-json\/wp\/v2\/tags?post=85344"}],"curies":[{"name":"wp","href":"https:\/\/api.w.org\/{rel}","templated":true}]}}