{"id":85394,"date":"2026-01-29T16:51:30","date_gmt":"2026-01-29T15:51:30","guid":{"rendered":"https:\/\/www.santacroceweb.com\/?p=85394"},"modified":"2026-01-29T16:51:30","modified_gmt":"2026-01-29T15:51:30","slug":"barbara-giardina-infermiera-a-tg2-medicina-33-quando-la-relazione-diventa-parte-integrante-della-cura","status":"publish","type":"post","link":"https:\/\/www.santacroceweb.com\/index.php\/2026\/01\/29\/barbara-giardina-infermiera-a-tg2-medicina-33-quando-la-relazione-diventa-parte-integrante-della-cura\/","title":{"rendered":"Barbara Giardina, infermiera a Tg2 Medicina 33: quando la relazione diventa parte integrante della cura"},"content":{"rendered":"<p>La puntata di Tg2 Medicina 33 andata in onda oggi ha affrontato il tema della psico-oncologia, sottolineando quanto il sostegno psicologico sia ormai una componente fondamentale nel percorso di cura dei pazienti oncologici. Non si tratta solo di affiancare le terapie mediche, ma di prendersi carico della sofferenza emotiva che accompagna la malattia e che coinvolge pazienti, familiari e operatori sanitari.<br \/>\nNel racconto proposto dalla trasmissione Rai, accanto alle testimonianze dei pazienti e agli approfondimenti clinici, emerge con particolare forza la voce di Barbara Giardina, infermiera di origini santacrocesi in servizio all\u2019Istituto Nazionale Tumori Regina Elena di Roma. La sua esperienza rappresenta in modo concreto l\u2019evoluzione del ruolo infermieristico all\u2019interno dei contesti oncologici pi\u00f9 complessi.<br \/>\nBarbara racconta come il suo approccio al paziente, agli inizi della carriera, fosse improntato a una visione esclusivamente tecnica:<br \/>\n\u00abIl mio rapporto col paziente era puramente formale, lo consideravo un caso clinico da seguire\u00bb.<br \/>\nUn\u2019impostazione che nel tempo \u00e8 cambiata profondamente grazie al lavoro svolto insieme al servizio di psico-oncologia degli IFO e ai percorsi di formazione dedicati agli operatori sanitari:<br \/>\n\u00abSuccessivamente, grazie anche agli eventi formativi organizzati dal servizio di psico-oncologia degli IFO, ho avuto la possibilit\u00e0 di sviluppare anche le competenze comunicative, psico-emotive ed educative\u00bb.<br \/>\nDa questo passaggio nasce una nuova modalit\u00e0 di stare accanto al paziente, che va oltre la prestazione sanitaria e diventa relazione autentica:<br \/>\n\u00abDella creazione di un\u2019autentica relazione di cura col paziente, che a me piace piuttosto definire relazione che cura\u00bb<br \/>\nUn concetto centrale, perch\u00e9 \u00e8 proprio dentro questo spazio relazionale che il paziente oncologico pu\u00f2 trovare ascolto e contenimento emotivo:<br \/>\n\u00abPerch\u00e9 \u00e8 proprio all\u2019interno della stessa che il dolore, i vissuti emotivi del paziente vengono leniti in quanto ascoltati e contenuti emotivamente\u00bb.<br \/>\nLa testimonianza di Barbara Giardina restituisce il senso pi\u00f9 profondo della psico-oncologia raccontata da Medicina 33: non basta curare la malattia, \u00e8 necessario prendersi cura della persona.  <\/p>\n","protected":false},"excerpt":{"rendered":"<p>La puntata di Tg2 Medicina 33 andata in onda oggi ha affrontato il tema della psico-oncologia, sottolineando quanto il sostegno psicologico sia ormai una componente fondamentale nel percorso di cura dei pazienti oncologici. Non si tratta solo di affiancare le terapie mediche, ma di prendersi carico della sofferenza emotiva che accompagna la malattia e che [&hellip;]<\/p>\n","protected":false},"author":62,"featured_media":85395,"comment_status":"closed","ping_status":"open","sticky":false,"template":"","format":"standard","meta":{"footnotes":""},"categories":[11,1473],"tags":[],"class_list":["post-85394","post","type-post","status-publish","format-standard","has-post-thumbnail","hentry","category-primopiano","category-salute"],"_links":{"self":[{"href":"https:\/\/www.santacroceweb.com\/index.php\/wp-json\/wp\/v2\/posts\/85394","targetHints":{"allow":["GET"]}}],"collection":[{"href":"https:\/\/www.santacroceweb.com\/index.php\/wp-json\/wp\/v2\/posts"}],"about":[{"href":"https:\/\/www.santacroceweb.com\/index.php\/wp-json\/wp\/v2\/types\/post"}],"author":[{"embeddable":true,"href":"https:\/\/www.santacroceweb.com\/index.php\/wp-json\/wp\/v2\/users\/62"}],"replies":[{"embeddable":true,"href":"https:\/\/www.santacroceweb.com\/index.php\/wp-json\/wp\/v2\/comments?post=85394"}],"version-history":[{"count":1,"href":"https:\/\/www.santacroceweb.com\/index.php\/wp-json\/wp\/v2\/posts\/85394\/revisions"}],"predecessor-version":[{"id":85396,"href":"https:\/\/www.santacroceweb.com\/index.php\/wp-json\/wp\/v2\/posts\/85394\/revisions\/85396"}],"wp:featuredmedia":[{"embeddable":true,"href":"https:\/\/www.santacroceweb.com\/index.php\/wp-json\/wp\/v2\/media\/85395"}],"wp:attachment":[{"href":"https:\/\/www.santacroceweb.com\/index.php\/wp-json\/wp\/v2\/media?parent=85394"}],"wp:term":[{"taxonomy":"category","embeddable":true,"href":"https:\/\/www.santacroceweb.com\/index.php\/wp-json\/wp\/v2\/categories?post=85394"},{"taxonomy":"post_tag","embeddable":true,"href":"https:\/\/www.santacroceweb.com\/index.php\/wp-json\/wp\/v2\/tags?post=85394"}],"curies":[{"name":"wp","href":"https:\/\/api.w.org\/{rel}","templated":true}]}}