{"id":85713,"date":"2026-03-14T08:28:22","date_gmt":"2026-03-14T07:28:22","guid":{"rendered":"https:\/\/www.santacroceweb.com\/?p=85713"},"modified":"2026-03-14T08:28:22","modified_gmt":"2026-03-14T07:28:22","slug":"san-giuseppe-2026-la-fede-si-fa-tavola-e-condivisione-io-madonnina-deccezione","status":"publish","type":"post","link":"https:\/\/www.santacroceweb.com\/index.php\/2026\/03\/14\/san-giuseppe-2026-la-fede-si-fa-tavola-e-condivisione-io-madonnina-deccezione\/","title":{"rendered":"San Giuseppe 2026 la fede si fa \u201ctavola\u201d e condivisione: io Madonnina d\u2019eccezione"},"content":{"rendered":"<p><img decoding=\"async\" src=\"data:image\/gif;base64,R0lGODlhAQABAAAAACH5BAEKAAEALAAAAAABAAEAAAICTAEAOw==\" data-src=\"https:\/\/www.santacroceweb.com\/giornale1\/wp-content\/uploads\/2026\/03\/b876f5d2-0d61-464e-98c1-00e623a402b7-107x300.jpeg\" alt=\"\" width=\"107\" height=\"300\" class=\"alignnone size-medium wp-image-85714 lazyload\" data-sizes=\"auto\" data-srcset=\"https:\/\/www.santacroceweb.com\/giornale1\/wp-content\/uploads\/2026\/03\/b876f5d2-0d61-464e-98c1-00e623a402b7-107x300.jpeg 107w, https:\/\/www.santacroceweb.com\/giornale1\/wp-content\/uploads\/2026\/03\/b876f5d2-0d61-464e-98c1-00e623a402b7-366x1024.jpeg 366w, https:\/\/www.santacroceweb.com\/giornale1\/wp-content\/uploads\/2026\/03\/b876f5d2-0d61-464e-98c1-00e623a402b7-549x1536.jpeg 549w, https:\/\/www.santacroceweb.com\/giornale1\/wp-content\/uploads\/2026\/03\/b876f5d2-0d61-464e-98c1-00e623a402b7-200x560.jpeg 200w, https:\/\/www.santacroceweb.com\/giornale1\/wp-content\/uploads\/2026\/03\/b876f5d2-0d61-464e-98c1-00e623a402b7-20x56.jpeg 20w, https:\/\/www.santacroceweb.com\/giornale1\/wp-content\/uploads\/2026\/03\/b876f5d2-0d61-464e-98c1-00e623a402b7.jpeg 571w\" sizes=\"(max-width: 107px) 100vw, 107px\" \/><\/p>\n<p>Venerd\u00ec 13 marzo l\u2019intera comunit\u00e0 scolastica dell\u2019Istituto Comprensivo Psaumide di Santa Croce Camerina,  si \u00e8 ritrovata per celebrare la tradizionale cena di San Giuseppe, un rito antico che unisce fede e solidariet\u00e0. L\u2019evento ha visto la partecipazione di famiglie e visitatori giunti da pi\u00f9 parti, riuniti per onorare il santo attraverso l\u2019allestimento delle monumentali tavolate. Questa  ricorrenza \u00e8 fondamentale per il nostro paese, perch\u00e9 rappresenta non solo un atto di devozione ma il momento in cui la comunit\u00e0 riafferma le proprie radici e il dovere dell\u2019accoglienza. Varcando la soglia della scuola del plesso \u201cDieci aule\u201d, aperto al pubblico per l\u2019occasione, lo sguardo viene subito catturato dalla tavolata imbandita: altari di abbondanza ricoperti da tovaglie bianche ricamate a mano, ma i  protagonisti assoluti sono i pani  decorati, vere sculture di farina che riproducono simboli sacri (il bastone del santo, la corona\u2026). L\u2019aria intorno alla tavola \u00e8 densa dei profumi della tradizione dalle polpette, al baccal\u00e0 fritto ai dolci, al profumo dei finocchi appena raccolti. L\u2019atmosfera \u00e8 vibrante un mix di sacro silenzio e festosa  convivialit\u00e0.<br \/>\nIo quest\u2019anno ho avuto l\u2019onore di vivere la festa da una prospettiva privilegiata, quella del ruolo della Madonnina seduta al tavolo principale insieme al San Giuseppe e al bambinello Ges\u00f9; ho sentito su di me \u201cil peso\u201d e la bellezza di tutta questa tradizione. Ricevere il cibo del rituale, osservare la devozione  negli occhi di chi ci serviva e sentire il calore della folla che sfilava davanti a noi \u00e8 stata un\u2019emozione travolgente. Essere parte attiva del quadro della sacra famiglia \u00e8 un\u2019esperienza spirituale profonda. Questa insolite giornata di scuola con i miei compagni e le maestre, la mia famiglia che mi ha sostenuta con affetto, ha permesso di capire che questo evento non \u00e8 solo sfarzo, ma un vero atto d\u2019amore collettivo. E\u2019 un momento unico che d\u00e0 lezione di umilt\u00e0 e rafforza il valore della condivisione. Uscendo dalla cena mi \u00e8 rimasto addosso il profumo del pane fresco e nel cuore la certezza che finch\u00e9 ci sar\u00e0 modo di onorare queste tradizioni, la nostra identit\u00e0 rimarr\u00e0 viva e forte! <\/p>\n<p>Carla Distefano Quinta E scuola Primaria<\/p>\n<p><img fetchpriority=\"high\" decoding=\"async\" src=\"data:image\/gif;base64,R0lGODlhAQABAAAAACH5BAEKAAEALAAAAAABAAEAAAICTAEAOw==\" data-src=\"https:\/\/www.santacroceweb.com\/giornale1\/wp-content\/uploads\/2026\/03\/794d45a3-c0a7-48cd-a375-e1df095a295e-300x225.jpeg\" alt=\"\" width=\"300\" height=\"225\" class=\"alignnone size-medium wp-image-85715 lazyload\" data-sizes=\"auto\" data-srcset=\"https:\/\/www.santacroceweb.com\/giornale1\/wp-content\/uploads\/2026\/03\/794d45a3-c0a7-48cd-a375-e1df095a295e-300x225.jpeg 300w, https:\/\/www.santacroceweb.com\/giornale1\/wp-content\/uploads\/2026\/03\/794d45a3-c0a7-48cd-a375-e1df095a295e-1024x768.jpeg 1024w, https:\/\/www.santacroceweb.com\/giornale1\/wp-content\/uploads\/2026\/03\/794d45a3-c0a7-48cd-a375-e1df095a295e-768x576.jpeg 768w, https:\/\/www.santacroceweb.com\/giornale1\/wp-content\/uploads\/2026\/03\/794d45a3-c0a7-48cd-a375-e1df095a295e-1536x1152.jpeg 1536w, https:\/\/www.santacroceweb.com\/giornale1\/wp-content\/uploads\/2026\/03\/794d45a3-c0a7-48cd-a375-e1df095a295e-1100x825.jpeg 1100w, https:\/\/www.santacroceweb.com\/giornale1\/wp-content\/uploads\/2026\/03\/794d45a3-c0a7-48cd-a375-e1df095a295e-680x510.jpeg 680w, https:\/\/www.santacroceweb.com\/giornale1\/wp-content\/uploads\/2026\/03\/794d45a3-c0a7-48cd-a375-e1df095a295e-200x150.jpeg 200w, https:\/\/www.santacroceweb.com\/giornale1\/wp-content\/uploads\/2026\/03\/794d45a3-c0a7-48cd-a375-e1df095a295e-20x15.jpeg 20w, https:\/\/www.santacroceweb.com\/giornale1\/wp-content\/uploads\/2026\/03\/794d45a3-c0a7-48cd-a375-e1df095a295e.jpeg 1600w\" sizes=\"(max-width: 300px) 100vw, 300px\" \/><\/p>\n","protected":false},"excerpt":{"rendered":"<p>Venerd\u00ec 13 marzo l\u2019intera comunit\u00e0 scolastica dell\u2019Istituto Comprensivo Psaumide di Santa Croce Camerina, si \u00e8 ritrovata per celebrare la tradizionale cena di San Giuseppe, un rito antico che unisce fede e solidariet\u00e0. L\u2019evento ha visto la partecipazione di famiglie e visitatori giunti da pi\u00f9 parti, riuniti per onorare il santo attraverso l\u2019allestimento delle monumentali tavolate. [&hellip;]<\/p>\n","protected":false},"author":34,"featured_media":85716,"comment_status":"closed","ping_status":"open","sticky":false,"template":"","format":"standard","meta":{"footnotes":""},"categories":[11,126],"tags":[],"class_list":["post-85713","post","type-post","status-publish","format-standard","has-post-thumbnail","hentry","category-primopiano","category-sangiuseppe"],"_links":{"self":[{"href":"https:\/\/www.santacroceweb.com\/index.php\/wp-json\/wp\/v2\/posts\/85713","targetHints":{"allow":["GET"]}}],"collection":[{"href":"https:\/\/www.santacroceweb.com\/index.php\/wp-json\/wp\/v2\/posts"}],"about":[{"href":"https:\/\/www.santacroceweb.com\/index.php\/wp-json\/wp\/v2\/types\/post"}],"author":[{"embeddable":true,"href":"https:\/\/www.santacroceweb.com\/index.php\/wp-json\/wp\/v2\/users\/34"}],"replies":[{"embeddable":true,"href":"https:\/\/www.santacroceweb.com\/index.php\/wp-json\/wp\/v2\/comments?post=85713"}],"version-history":[{"count":1,"href":"https:\/\/www.santacroceweb.com\/index.php\/wp-json\/wp\/v2\/posts\/85713\/revisions"}],"predecessor-version":[{"id":85717,"href":"https:\/\/www.santacroceweb.com\/index.php\/wp-json\/wp\/v2\/posts\/85713\/revisions\/85717"}],"wp:featuredmedia":[{"embeddable":true,"href":"https:\/\/www.santacroceweb.com\/index.php\/wp-json\/wp\/v2\/media\/85716"}],"wp:attachment":[{"href":"https:\/\/www.santacroceweb.com\/index.php\/wp-json\/wp\/v2\/media?parent=85713"}],"wp:term":[{"taxonomy":"category","embeddable":true,"href":"https:\/\/www.santacroceweb.com\/index.php\/wp-json\/wp\/v2\/categories?post=85713"},{"taxonomy":"post_tag","embeddable":true,"href":"https:\/\/www.santacroceweb.com\/index.php\/wp-json\/wp\/v2\/tags?post=85713"}],"curies":[{"name":"wp","href":"https:\/\/api.w.org\/{rel}","templated":true}]}}