{"id":85753,"date":"2026-03-17T16:13:29","date_gmt":"2026-03-17T15:13:29","guid":{"rendered":"https:\/\/www.santacroceweb.com\/?p=85753"},"modified":"2026-03-18T08:54:04","modified_gmt":"2026-03-18T07:54:04","slug":"san-giuseppe-a-santa-croce-camerina-tre-giorni-di-eventi-per-la-comunita-e-i-visitatori","status":"publish","type":"post","link":"https:\/\/www.santacroceweb.com\/index.php\/2026\/03\/17\/san-giuseppe-a-santa-croce-camerina-tre-giorni-di-eventi-per-la-comunita-e-i-visitatori\/","title":{"rendered":"San Giuseppe a Santa Croce Camerina: tre giorni di eventi per la comunit\u00e0 e i visitatori"},"content":{"rendered":"<p><strong>Foto Silvio Rizzo <\/strong><\/p>\n<p>Si sono conclusi con un bilancio estremamente positivo i festeggiamenti in onore di San Giuseppe, Patrono della Citt\u00e0, che da venerd\u00ec 13 a domenica 15 marzo hanno trasformato Santa Croce Camerina in un palcoscenico di fede, tradizione e spettacolo, attirando migliaia di visitatori e turisti.<\/p>\n<p>\u201c\u00c8 stato un successo che ha visto la nostra comunit\u00e0 protagonista e ha permesso a Santa Croce Camerina di essere al centro dell&#8217;attenzione per tre giorni indimenticabili\u201d, dichiara con soddisfazione il Sindaco Peppe Dimartino. \u201cIl riscontro di pubblico \u00e8 stato straordinario, a testimonianza di come le nostre tradizioni e la capacit\u00e0 di offrire un programma di qualit\u00e0 siano i migliori biglietti da visita per il territorio\u201d.<\/p>\n<p>Un programma ricco e variegato che ha saputo coniugare la solennit\u00e0 dei riti religiosi con l&#8217;innovazione. Oltre alla suggestione delle tradizionali Cene di San Giuseppe, cuore pulsante della devozione popolare, grande successo hanno riscosso le nuove iniziative pensate per valorizzare il patrimonio culturale locale: le mappe interattive delle Cene, le suggestive \u201cpasseggiate narrate\u201d a bordo dei mezzi elettrici di Enjoy Barocco, condotte dall&#8217;associazione Glocal con Storia Patria e Pro Loco, hanno permesso a cittadini e turisti di scoprire angoli inediti e storie legate alla festa. Partecipati anche i laboratori didattici sul \u201cPane Pulito\u201d, che hanno coinvolto grandi e piccoli nella riscoperta di un&#8217;antica tradizione.<\/p>\n<p>L&#8217;Esposizione ortoflorovivaistica e gastronomica santacrocese ha confermato il suo ruolo di vetrina d&#8217;eccellenza per le produzioni locali, offrendo spazio e visibilit\u00e0 ai produttori e agli artigiani del territorio. Le serate di venerd\u00ec e sabato in Piazza Vittorio Emanuele II hanno poi regalato momenti di grande spettacolo per culminare nell&#8217;attesissimo concerto di un monumento della musica nazionale, Orietta Berti, che ha letteralmente riempito la piazza, regalando al pubblico una serata magica.<\/p>\n<p>\u201cAbbiamo vissuto giorni straordinari per Santa Croce Camerina \u2013 prosegue il Sindaco Dimartino \u2013 e il merito \u00e8 di una grande squadra. Un ringraziamento sentito va alla Giunta, al Consiglio Comunale, agli uffici, alla Consulta Giovanile, al Comitato dei Festeggiamenti, alla Parrocchia San Giovanni Battista, all\u2019Istituto Fabio Besta, alle associazioni e ai volontari. E un grazie particolare va a tutti coloro che hanno creduto in questo progetto sostenendolo concretamente: l&#8217;Assessorato Regionale dei Beni Culturali, l&#8217;Assessorato Regionale al Turismo, allo Sport e allo Spettacolo, il Libero Consorzio Comunale di Ragusa e gli sponsor privati. Senza il loro contributo e la collaborazione di tutti non avremmo potuto realizzare un programma di tale livello\u201d.<\/p>\n<p>I festeggiamenti hanno infatti messo in luce ancora una volta la capacit\u00e0 dell&#8217;Amministrazione di fare sistema e intercettare risorse preziose. Sulla spesa complessiva di circa 45.300 euro, l&#8217;Ente \u00e8 riuscito a ottenere finanziamenti esterni per oltre 34.000 euro: nello specifico, 15.000 euro dall&#8217;Assessorato dei Beni Culturali, 5.000 euro da quello al Turismo, 5.000 euro dal Libero Consorzio e oltre 9.000 euro dagli sponsor privati. Un risultato che ha permesso di contenere la spesa a carico del bilancio comunale a circa 11.000 euro, una cifra esigua se rapportata all&#8217;enorme ritorno in termini di visibilit\u00e0 e, soprattutto, al significativo indotto economico generato per le attivit\u00e0 commerciali e l&#8217;intera economia locale.<\/p>\n<p>\u201cQuesto modello virtuoso \u2013 conclude il Sindaco \u2013 dimostra come investire nella promozione delle nostre eccellenze e della nostra identit\u00e0, con una regia attenta e la capacit\u00e0 di attrarre risorse, generi benefici diffusi per l&#8217;intera comunit\u00e0. I festeggiamenti di San Giuseppe ci condurranno a un\u2019altra stagione ricca di eventi e di promozione del territorio\u201d.<\/p>\n<div id='gallery-1' class='gallery galleryid-85753 gallery-columns-3 gallery-size-thumbnail'><figure class='gallery-item'>\n\t\t\t<div class='gallery-icon landscape'>\n\t\t\t\t<a href='https:\/\/www.santacroceweb.com\/giornale1\/wp-content\/uploads\/2026\/03\/b51c68da-253b-4a9c-96db-a523cbfdc19b.jpeg'><img decoding=\"async\" width=\"150\" height=\"150\" src=\"https:\/\/www.santacroceweb.com\/giornale1\/wp-content\/uploads\/2026\/03\/b51c68da-253b-4a9c-96db-a523cbfdc19b-20x11.jpeg\" class=\"attachment-thumbnail size-thumbnail jl-lazyload lazyload\" alt=\"\" data-src=\"https:\/\/www.santacroceweb.com\/giornale1\/wp-content\/uploads\/2026\/03\/b51c68da-253b-4a9c-96db-a523cbfdc19b-150x150.jpeg\" \/><\/a>\n\t\t\t<\/div><\/figure><figure class='gallery-item'>\n\t\t\t<div class='gallery-icon landscape'>\n\t\t\t\t<a href='https:\/\/www.santacroceweb.com\/giornale1\/wp-content\/uploads\/2026\/03\/38ad14d0-e60d-4446-87c5-b20554fb64f0.jpeg'><img decoding=\"async\" width=\"150\" height=\"150\" src=\"https:\/\/www.santacroceweb.com\/giornale1\/wp-content\/uploads\/2026\/03\/38ad14d0-e60d-4446-87c5-b20554fb64f0-20x17.jpeg\" class=\"attachment-thumbnail size-thumbnail jl-lazyload lazyload\" alt=\"\" data-src=\"https:\/\/www.santacroceweb.com\/giornale1\/wp-content\/uploads\/2026\/03\/38ad14d0-e60d-4446-87c5-b20554fb64f0-150x150.jpeg\" \/><\/a>\n\t\t\t<\/div><\/figure><figure class='gallery-item'>\n\t\t\t<div class='gallery-icon landscape'>\n\t\t\t\t<a href='https:\/\/www.santacroceweb.com\/giornale1\/wp-content\/uploads\/2026\/03\/96e8dc92-f36f-4cb2-91d3-2409f0b5a87f.jpeg'><img decoding=\"async\" width=\"150\" height=\"150\" src=\"https:\/\/www.santacroceweb.com\/giornale1\/wp-content\/uploads\/2026\/03\/96e8dc92-f36f-4cb2-91d3-2409f0b5a87f-20x13.jpeg\" class=\"attachment-thumbnail size-thumbnail jl-lazyload lazyload\" alt=\"\" data-src=\"https:\/\/www.santacroceweb.com\/giornale1\/wp-content\/uploads\/2026\/03\/96e8dc92-f36f-4cb2-91d3-2409f0b5a87f-150x150.jpeg\" \/><\/a>\n\t\t\t<\/div><\/figure>\n\t\t<\/div>\n\n","protected":false},"excerpt":{"rendered":"<p>Foto Silvio Rizzo Si sono conclusi con un bilancio estremamente positivo i festeggiamenti in onore di San Giuseppe, Patrono della Citt\u00e0, che da venerd\u00ec 13 a domenica 15 marzo hanno trasformato Santa Croce Camerina in un palcoscenico di fede, tradizione e spettacolo, attirando migliaia di visitatori e turisti. \u201c\u00c8 stato un successo che ha visto [&hellip;]<\/p>\n","protected":false},"author":34,"featured_media":85757,"comment_status":"closed","ping_status":"open","sticky":false,"template":"","format":"standard","meta":{"footnotes":""},"categories":[126],"tags":[],"class_list":["post-85753","post","type-post","status-publish","format-standard","has-post-thumbnail","hentry","category-sangiuseppe"],"_links":{"self":[{"href":"https:\/\/www.santacroceweb.com\/index.php\/wp-json\/wp\/v2\/posts\/85753","targetHints":{"allow":["GET"]}}],"collection":[{"href":"https:\/\/www.santacroceweb.com\/index.php\/wp-json\/wp\/v2\/posts"}],"about":[{"href":"https:\/\/www.santacroceweb.com\/index.php\/wp-json\/wp\/v2\/types\/post"}],"author":[{"embeddable":true,"href":"https:\/\/www.santacroceweb.com\/index.php\/wp-json\/wp\/v2\/users\/34"}],"replies":[{"embeddable":true,"href":"https:\/\/www.santacroceweb.com\/index.php\/wp-json\/wp\/v2\/comments?post=85753"}],"version-history":[{"count":5,"href":"https:\/\/www.santacroceweb.com\/index.php\/wp-json\/wp\/v2\/posts\/85753\/revisions"}],"predecessor-version":[{"id":85764,"href":"https:\/\/www.santacroceweb.com\/index.php\/wp-json\/wp\/v2\/posts\/85753\/revisions\/85764"}],"wp:featuredmedia":[{"embeddable":true,"href":"https:\/\/www.santacroceweb.com\/index.php\/wp-json\/wp\/v2\/media\/85757"}],"wp:attachment":[{"href":"https:\/\/www.santacroceweb.com\/index.php\/wp-json\/wp\/v2\/media?parent=85753"}],"wp:term":[{"taxonomy":"category","embeddable":true,"href":"https:\/\/www.santacroceweb.com\/index.php\/wp-json\/wp\/v2\/categories?post=85753"},{"taxonomy":"post_tag","embeddable":true,"href":"https:\/\/www.santacroceweb.com\/index.php\/wp-json\/wp\/v2\/tags?post=85753"}],"curies":[{"name":"wp","href":"https:\/\/api.w.org\/{rel}","templated":true}]}}