{"id":86028,"date":"2026-05-01T10:47:21","date_gmt":"2026-05-01T08:47:21","guid":{"rendered":"https:\/\/www.santacroceweb.com\/?p=86028"},"modified":"2026-05-01T10:47:21","modified_gmt":"2026-05-01T08:47:21","slug":"consiglio-comunale-il-gruppo-insieme-per-santa-croce-dimostra-responsabilita-ma-la-maggioranza-sceglie-la-chiusura-politica-e-la-lottizzazione-dei-ruoli","status":"publish","type":"post","link":"https:\/\/www.santacroceweb.com\/index.php\/2026\/05\/01\/consiglio-comunale-il-gruppo-insieme-per-santa-croce-dimostra-responsabilita-ma-la-maggioranza-sceglie-la-chiusura-politica-e-la-lottizzazione-dei-ruoli\/","title":{"rendered":"Consiglio Comunale: Il Gruppo \u201cInsieme per Santa Croce\u201d dimostra responsabilit\u00e0, ma la Maggioranza sceglie la chiusura politica e la lottizzazione dei ruoli"},"content":{"rendered":"<p>I Consiglieri comunali Gaetano Riva e Piero Mandar\u00e0, del gruppo &#8220;Insieme per Santa Croce&#8221;, intervengono sugli esiti dell\u2019ultima seduta consiliare, evidenziando un clima di chiusura pregiudiziale da parte dell&#8217;amministrazione.<\/p>\n<p>\ud835\udc12\ud835\udc1e\ud835\udc27\ud835\udc2c\ud835\udc28 \ud835\udc1d\ud835\udc1e\ud835\udc25\ud835\udc25\ud835\udc1e \ud835\udc22\ud835\udc2c\ud835\udc2d\ud835\udc22\ud835\udc2d\ud835\udc2e\ud835\udc33\ud835\udc22\ud835\udc28\ud835\udc27\ud835\udc22 \ud835\udc1c\ud835\udc28\ud835\udc27\ud835\udc2d\ud835\udc2b\ud835\udc28 \ud835\udc22\ud835\udc2b\ud835\udc2b\ud835\udc1e\ud835\udc20\ud835\udc28\ud835\udc25\ud835\udc1a\ud835\udc2b\ud835\udc22\ud835\udc2d\u00e0 \ud835\udc1f\ud835\udc28\ud835\udc2b\ud835\udc26\ud835\udc1a\ud835\udc25\ud835\udc22<br \/>\n\u00abIn apertura di seduta abbiamo dato prova di un profondo senso di responsabilit\u00e0 verso la citt\u00e0\u00bb, dichiarano Riva e Mandar\u00e0. Abbiamo dimostrato un profondo senso di responsabilit\u00e0 verso la citt\u00e0, anteponendo l\u2019interesse collettivo ai formalismi burocratici. Nonostante il deposito tardivo di alcuni atti e pareri oltre le 72 ore \u2013 una violazione che in passato ha portato al ritiro dei punti \u2013 abbiamo scelto di non bloccare l&#8217;attivit\u00e0 dell\u2019Ente. \u00c8 tuttavia inaccettabile che a questo gesto di maturit\u00e0 politica non sia seguita alcuna reciprocit\u00e0: la maggioranza continua a respingere ogni nostra proposta migliorativa per puro pregiudizio, confermando una gestione del potere autoreferenziale e sorda al dialogo.<\/p>\n<p>\ud835\udc06\ud835\udc1a\ud835\udc2b\ud835\udc1a\ud835\udc27\ud835\udc2d\ud835\udc1e \ud835\udc1d\ud835\udc1e\ud835\udc25\ud835\udc25\u2019\ud835\udc08\ud835\udc27\ud835\udc1f\ud835\udc1a\ud835\udc27\ud835\udc33\ud835\udc22\ud835\udc1a: \ud835\udc2e\ud835\udc27\ud835\udc1a \ud835\udc1f\ud835\udc22\ud835\udc20\ud835\udc2e\ud835\udc2b\ud835\udc1a \ud835\udc1c\ud835\udc21\ud835\udc1e \ud835\udc25\ud835\udc1a \ud835\udc26\ud835\udc1a\ud835\udc20\ud835\udc20\ud835\udc22\ud835\udc28\ud835\udc2b\ud835\udc1a\ud835\udc27\ud835\udc33\ud835\udc1a \ud835\udc2f\ud835\udc2e\ud835\udc28\ud835\udc25\ud835\udc1e &#8220;\ud835\udc29\ud835\udc28\ud835\udc25\ud835\udc22\ud835\udc2d\ud835\udc22\ud835\udc1c\ud835\udc22\ud835\udc33\ud835\udc33\ud835\udc1a\ud835\udc2d\ud835\udc1a&#8221;<br \/>\nSulla tutela dei minori non dovrebbero esistere bandiere, ma solo competenze. Eppure, la maggioranza ha bocciato tre emendamenti tecnici \u2014 gi\u00e0 validati dagli uffici e dal Dirigente \u2014 che avrebbero garantito al Garante per l\u2019Infanzia autorevolezza e indipendenza. Chiedevamo criteri oggettivi: laurea, esperienza quinquennale, mandato slegato dal ciclo elettorale e l&#8217;obbligo di una relazione pubblica. Il &#8216;no&#8217; ricevuto trasforma una figura di garanzia in una carica di sottogoverno. \u00c8 gravissimo che si preferisca una figura debole e influenzabile pur di mantenere il controllo politico su un ruolo che dovrebbe rispondere solo ai cittadini e ai minori. La tutela dei minori non pu\u00f2 essere merce di scambio.<\/p>\n<p>Il gruppo &#8220;Insieme per Santa Croce&#8221; inoltre denuncia un atteggiamento ostruzionistico costante: \u00abPrendiamo atto che questa maggioranza \u00e8 arroccata su posizioni strumentali. Rifiutano le nostre proposte migliorative non nel merito, ma per puro pregiudizio politico. Emergono figure all\u2019interno della maggioranza prive di autonomia e coerenza, che preferiscono l\u2019allineamento passivo al coraggio di sostenere proposte valide solo perch\u00e9 provenienti dall&#8217;opposizione.<br \/>\nI risultati ottenuti nonostante la chiusura<br \/>\nNonostante il muro della maggioranza, il gruppo ha contribuito attivamente sui restanti punti:                                                                                                                                  1. Regolamento Tributi: Approvato il pagamento agevolato. Grazie alla pressione dell&#8217;opposizione si \u00e8 giunti a un maxi-emendamento che porta le rate da 36 a 60, con un tetto di 500 euro sulla prima rata. \u00abAbbiamo votato a favore per aiutare le famiglie, rispedendo al mittente le accuse di speculazione\u00bb.<br \/>\n2.  Regolamento Tassa di soggiorno: Approvato l\u2019aggiornamento per le piattaforme digitali.<br \/>\n3.  Regolamento Impianti sportivi: Pur con la bocciatura di un emendamento tecnico sulla rilevanza economica, il gruppo ha votato favorevolmente per dotare finalmente la citt\u00e0 di uno strumento atteso, riconoscendo il lavoro svolto.<br \/>\n\u00abLa nostra azione \u2013 concludono Riva e Mandar\u00e0 \u2013 rester\u00e0 sempre propositiva e orientata al bene comune, ma non faremo sconti a chi scambia l\u2019aula consiliare per un terreno di occupazione politica, calpestando la meritocrazia e il dialogo\u00bb.<\/p>\n","protected":false},"excerpt":{"rendered":"<p>I Consiglieri comunali Gaetano Riva e Piero Mandar\u00e0, del gruppo &#8220;Insieme per Santa Croce&#8221;, intervengono sugli esiti dell\u2019ultima seduta consiliare, evidenziando un clima di chiusura pregiudiziale da parte dell&#8217;amministrazione. \ud835\udc12\ud835\udc1e\ud835\udc27\ud835\udc2c\ud835\udc28 \ud835\udc1d\ud835\udc1e\ud835\udc25\ud835\udc25\ud835\udc1e \ud835\udc22\ud835\udc2c\ud835\udc2d\ud835\udc22\ud835\udc2d\ud835\udc2e\ud835\udc33\ud835\udc22\ud835\udc28\ud835\udc27\ud835\udc22 \ud835\udc1c\ud835\udc28\ud835\udc27\ud835\udc2d\ud835\udc2b\ud835\udc28 \ud835\udc22\ud835\udc2b\ud835\udc2b\ud835\udc1e\ud835\udc20\ud835\udc28\ud835\udc25\ud835\udc1a\ud835\udc2b\ud835\udc22\ud835\udc2d\u00e0 \ud835\udc1f\ud835\udc28\ud835\udc2b\ud835\udc26\ud835\udc1a\ud835\udc25\ud835\udc22 \u00abIn apertura di seduta abbiamo dato prova di un profondo senso di responsabilit\u00e0 verso la citt\u00e0\u00bb, dichiarano Riva e Mandar\u00e0. [&hellip;]<\/p>\n","protected":false},"author":34,"featured_media":86029,"comment_status":"closed","ping_status":"open","sticky":false,"template":"","format":"standard","meta":{"footnotes":""},"categories":[8,11],"tags":[],"class_list":["post-86028","post","type-post","status-publish","format-standard","has-post-thumbnail","hentry","category-attualita","category-primopiano"],"_links":{"self":[{"href":"https:\/\/www.santacroceweb.com\/index.php\/wp-json\/wp\/v2\/posts\/86028","targetHints":{"allow":["GET"]}}],"collection":[{"href":"https:\/\/www.santacroceweb.com\/index.php\/wp-json\/wp\/v2\/posts"}],"about":[{"href":"https:\/\/www.santacroceweb.com\/index.php\/wp-json\/wp\/v2\/types\/post"}],"author":[{"embeddable":true,"href":"https:\/\/www.santacroceweb.com\/index.php\/wp-json\/wp\/v2\/users\/34"}],"replies":[{"embeddable":true,"href":"https:\/\/www.santacroceweb.com\/index.php\/wp-json\/wp\/v2\/comments?post=86028"}],"version-history":[{"count":1,"href":"https:\/\/www.santacroceweb.com\/index.php\/wp-json\/wp\/v2\/posts\/86028\/revisions"}],"predecessor-version":[{"id":86030,"href":"https:\/\/www.santacroceweb.com\/index.php\/wp-json\/wp\/v2\/posts\/86028\/revisions\/86030"}],"wp:featuredmedia":[{"embeddable":true,"href":"https:\/\/www.santacroceweb.com\/index.php\/wp-json\/wp\/v2\/media\/86029"}],"wp:attachment":[{"href":"https:\/\/www.santacroceweb.com\/index.php\/wp-json\/wp\/v2\/media?parent=86028"}],"wp:term":[{"taxonomy":"category","embeddable":true,"href":"https:\/\/www.santacroceweb.com\/index.php\/wp-json\/wp\/v2\/categories?post=86028"},{"taxonomy":"post_tag","embeddable":true,"href":"https:\/\/www.santacroceweb.com\/index.php\/wp-json\/wp\/v2\/tags?post=86028"}],"curies":[{"name":"wp","href":"https:\/\/api.w.org\/{rel}","templated":true}]}}