{"id":86039,"date":"2026-05-01T17:39:15","date_gmt":"2026-05-01T15:39:15","guid":{"rendered":"https:\/\/www.santacroceweb.com\/?p=86039"},"modified":"2026-05-01T17:42:29","modified_gmt":"2026-05-01T15:42:29","slug":"primo-maggio-santa-croce-ricorda-i-caduti-sul-lavoro","status":"publish","type":"post","link":"https:\/\/www.santacroceweb.com\/index.php\/2026\/05\/01\/primo-maggio-santa-croce-ricorda-i-caduti-sul-lavoro\/","title":{"rendered":"Primo Maggio, Santa Croce ricorda i caduti sul lavoro"},"content":{"rendered":"<p><img fetchpriority=\"high\" decoding=\"async\" src=\"data:image\/gif;base64,R0lGODlhAQABAAAAACH5BAEKAAEALAAAAAABAAEAAAICTAEAOw==\" data-src=\"https:\/\/www.santacroceweb.com\/giornale1\/wp-content\/uploads\/2026\/05\/IMG_6026-226x300.jpeg\" alt=\"\" width=\"226\" height=\"300\" class=\"alignnone size-medium wp-image-86041 lazyload\" data-sizes=\"auto\" data-srcset=\"https:\/\/www.santacroceweb.com\/giornale1\/wp-content\/uploads\/2026\/05\/IMG_6026-226x300.jpeg 226w, https:\/\/www.santacroceweb.com\/giornale1\/wp-content\/uploads\/2026\/05\/IMG_6026-771x1024.jpeg 771w, https:\/\/www.santacroceweb.com\/giornale1\/wp-content\/uploads\/2026\/05\/IMG_6026-768x1020.jpeg 768w, https:\/\/www.santacroceweb.com\/giornale1\/wp-content\/uploads\/2026\/05\/IMG_6026-1156x1536.jpeg 1156w, https:\/\/www.santacroceweb.com\/giornale1\/wp-content\/uploads\/2026\/05\/IMG_6026-1100x1461.jpeg 1100w, https:\/\/www.santacroceweb.com\/giornale1\/wp-content\/uploads\/2026\/05\/IMG_6026-680x903.jpeg 680w, https:\/\/www.santacroceweb.com\/giornale1\/wp-content\/uploads\/2026\/05\/IMG_6026-200x266.jpeg 200w, https:\/\/www.santacroceweb.com\/giornale1\/wp-content\/uploads\/2026\/05\/IMG_6026-20x27.jpeg 20w, https:\/\/www.santacroceweb.com\/giornale1\/wp-content\/uploads\/2026\/05\/IMG_6026.jpeg 1355w\" sizes=\"(max-width: 226px) 100vw, 226px\" \/><br \/>\nIn occasione della Festa dei Lavoratori, la comunit\u00e0 di Santa Croce Camerina ha vissuto un momento di commemorazione e riflessione dedicato alle vittime del lavoro. Alla cerimonia hanno preso parte autorit\u00e0 civili, religiose e militari, associazioni e cittadini.<br \/>\nDurante l\u2019iniziativa \u00e8 stato ribadito il valore della sicurezza nei luoghi di lavoro, tema centrale della giornata. Tra gli interventi, anche quello del sindaco Peppe Dimartino, che ha sottolineato: \u201cIl Primo maggio \u00e8 un momento di riflessione e ricordo. Come consuetudine oggi abbiamo ricordato i caduti santacrocesi sul lavoro affinch\u00e9 la memoria possa essere anche stimolo per guardare con ancora pi\u00f9 attenzione la sicurezza\u201d.<br \/>\nNel corso della cerimonia \u00e8 emerso con forza l\u2019impegno delle istituzioni: \u201cLa sicurezza sui luoghi di lavoro \u00e8 fondamentale e come istituzioni abbiamo il dovere di spenderci affinch\u00e9 vi siano condizioni adeguate e consone alla crescita economica e sociale\u201d.<br \/>\nUn momento reso ancora pi\u00f9 significativo dalla presenza delle associazioni e dei familiari delle vittime: \u201cRingrazio l\u2019Anmil, padre Tonino Puglisi per i loro interventi e grazie ai familiari delle vittime presenti. Un momento solenne che rinnova un impegno per tutta la comunit\u00e0 Santacrocese\u201d.<\/p>\n","protected":false},"excerpt":{"rendered":"<p>In occasione della Festa dei Lavoratori, la comunit\u00e0 di Santa Croce Camerina ha vissuto un momento di commemorazione e riflessione dedicato alle vittime del lavoro. Alla cerimonia hanno preso parte autorit\u00e0 civili, religiose e militari, associazioni e cittadini. Durante l\u2019iniziativa \u00e8 stato ribadito il valore della sicurezza nei luoghi di lavoro, tema centrale della giornata. [&hellip;]<\/p>\n","protected":false},"author":34,"featured_media":86040,"comment_status":"closed","ping_status":"open","sticky":false,"template":"","format":"standard","meta":{"footnotes":""},"categories":[8],"tags":[],"class_list":["post-86039","post","type-post","status-publish","format-standard","has-post-thumbnail","hentry","category-attualita"],"_links":{"self":[{"href":"https:\/\/www.santacroceweb.com\/index.php\/wp-json\/wp\/v2\/posts\/86039","targetHints":{"allow":["GET"]}}],"collection":[{"href":"https:\/\/www.santacroceweb.com\/index.php\/wp-json\/wp\/v2\/posts"}],"about":[{"href":"https:\/\/www.santacroceweb.com\/index.php\/wp-json\/wp\/v2\/types\/post"}],"author":[{"embeddable":true,"href":"https:\/\/www.santacroceweb.com\/index.php\/wp-json\/wp\/v2\/users\/34"}],"replies":[{"embeddable":true,"href":"https:\/\/www.santacroceweb.com\/index.php\/wp-json\/wp\/v2\/comments?post=86039"}],"version-history":[{"count":2,"href":"https:\/\/www.santacroceweb.com\/index.php\/wp-json\/wp\/v2\/posts\/86039\/revisions"}],"predecessor-version":[{"id":86043,"href":"https:\/\/www.santacroceweb.com\/index.php\/wp-json\/wp\/v2\/posts\/86039\/revisions\/86043"}],"wp:featuredmedia":[{"embeddable":true,"href":"https:\/\/www.santacroceweb.com\/index.php\/wp-json\/wp\/v2\/media\/86040"}],"wp:attachment":[{"href":"https:\/\/www.santacroceweb.com\/index.php\/wp-json\/wp\/v2\/media?parent=86039"}],"wp:term":[{"taxonomy":"category","embeddable":true,"href":"https:\/\/www.santacroceweb.com\/index.php\/wp-json\/wp\/v2\/categories?post=86039"},{"taxonomy":"post_tag","embeddable":true,"href":"https:\/\/www.santacroceweb.com\/index.php\/wp-json\/wp\/v2\/tags?post=86039"}],"curies":[{"name":"wp","href":"https:\/\/api.w.org\/{rel}","templated":true}]}}