{"id":86046,"date":"2026-05-01T18:11:42","date_gmt":"2026-05-01T16:11:42","guid":{"rendered":"https:\/\/www.santacroceweb.com\/?p=86046"},"modified":"2026-05-01T18:11:42","modified_gmt":"2026-05-01T16:11:42","slug":"santa-croce-maggioranza-allo-sbaraglio-tra-regolamenti-di-conti-e-allergia-ai-titoli","status":"publish","type":"post","link":"https:\/\/www.santacroceweb.com\/index.php\/2026\/05\/01\/santa-croce-maggioranza-allo-sbaraglio-tra-regolamenti-di-conti-e-allergia-ai-titoli\/","title":{"rendered":"Santa Croce, Maggioranza allo Sbaraglio: tra Regolamenti di Conti e Allergia ai Titoli"},"content":{"rendered":"<p>Se pensavate che il Consiglio Comunale fosse il luogo della nobile arte del confronto, l\u2019ultima seduta a Santa Croce vi avrebbe fatto ricredere. Pi\u00f9 che un\u2019aula istituzionale, \u00e8 sembrata il set di una commedia degli equivoci, tra fughe improvvise, allergie alla meritocrazia e colpi di scena degni di una serie TV di serie B.<\/p>\n<p>\ud835\udc02\ud835\udc28\ud835\udc27\ud835\udc2c\ud835\udc22\ud835\udc20\ud835\udc25\ud835\udc22\ud835\udc28 \ud835\udc02\ud835\udc28\ud835\udc26\ud835\udc2e\ud835\udc27\ud835\udc1a\ud835\udc25\ud835\udc1e: \ud835\udc2d\ud835\udc2b\ud835\udc1a \ud835\udc2d\ud835\udc21\ud835\udc2b\ud835\udc22\ud835\udc25\ud835\udc25\ud835\udc1e\ud835\udc2b \ud835\udc1e \ud835\udc1f\ud835\udc1a\ud835\udc2b\ud835\udc2c\ud835\udc1a \ud835\udc22\ud835\udc2c\ud835\udc2d\ud835\udc22\ud835\udc2d\ud835\udc2e\ud835\udc33\ud835\udc22\ud835\udc28\ud835\udc27\ud835\udc1a\ud835\udc25\ud835\udc1e<br \/>\nIl colpo di scena arriva a met\u00e0 seduta: il Presidente abbandona l&#8217;aula alla velocit\u00e0 della luce. Mentre i maligni sussurrano di una &#8220;ritirata strategica&#8221;, la realt\u00e0 \u00e8 pi\u00f9 nobile: un incidente domestico del figlio (a cui vanno i nostri auguri). Qui per\u00f2 finisce il cuore e inizia la farsa.<br \/>\nIncredibile ma vero: mentre il Presidente correva per un&#8217;emergenza familiare, l&#8217;Assessore allo Sport ne approfittava per sferrargli un attacco frontale dal sapore di un regolamento di conti. Uno spettacolo di rara eleganza istituzionale. Il Sindaco ora batta un colpo: intende tollerare questo &#8220;tiro al bersaglio&#8221; interno o deve ammettere che la sua maggioranza \u00e8 ormai fuori controllo?<\/p>\n<p>\ud835\udc08\ud835\udc25 \ud835\udc06\ud835\udc1a\ud835\udc2b\ud835\udc1a\ud835\udc27\ud835\udc2d\ud835\udc1e&#8230; \ud835\udc1d\ud835\udc22 \ud835\udc1c\ud835\udc21\ud835\udc1e?<br \/>\nEntriamo nel tragicomico. Il gruppo &#8220;Insieme per Santa Croce&#8221; propone tre emendamenti tecnici per il Garante dell\u2019Infanzia: laurea, esperienza quinquennale, indipendenza dalla politica. Roba da manuale, suggerita persino dall\u2019ANCI e dall&#8217;Autorit\u00e0 Garante Nazionale. Risposta della maggioranza? Bocciati. Evidentemente, a Santa Croce la competenza \u00e8 un optional fastidioso. Perch\u00e9 scegliere un esperto quando si pu\u00f2 avere una figura &#8220;malleabile&#8221; e magari priva di quei fastidiosi titoli accademici che complicano le cose? Il messaggio \u00e8 chiaro: meglio la politica di bottega che la tutela professionale dei minori. Una scelta che definire &#8220;senza spina dorsale&#8221; sarebbe un complimento: qui siamo all&#8217;allineamento passivo pi\u00f9 puro, dove si vota a comando degli assessori, anche contro il parere favorevole degli uffici.<\/p>\n<p>\ud835\udc02\ud835\udc1a\ud835\udc2b\ud835\udc28 \ud835\udc12\ud835\udc22\ud835\udc27\ud835\udc1d\ud835\udc1a\ud835\udc1c\ud835\udc28, \ud835\udc28\ud835\udc1c\ud835\udc1c\ud835\udc21\ud835\udc22\ud835\udc28 \ud835\udc1a\ud835\udc25\ud835\udc25\ud835\udc1a \ud835\udc1c\ud835\udc28\ud835\udc26\ud835\udc29\ud835\udc1a\ud835\udc20\ud835\udc27\ud835\udc22\ud835\udc1a<br \/>\nSia chiaro: a tratti abbiamo provato quasi imbarazzo per il Primo Cittadino. Lo abbiamo visto provato, forse consapevole di essere trascinato da una &#8220;maggioranza anarchica e irresponsabile&#8221; e da assessori che confondono l&#8217;arroganza con l&#8217;autorevolezza. Un consiglio non richiesto in vista della prossima legislatura: se vuole salvare la faccia e la credibilit\u00e0, faccia pulizia. Lasci fuori i presuntuosi e gli incompetenti che le fanno perdere consenso ogni volta che aprono bocca. Punti sulla qualit\u00e0: \u00e8 l\u2019unica ricetta per non affondare insieme a chi, al Comune, sembra stare per puro caso. D\u2019altronde, osservando la pervicacia con cui si rifiutano le competenze e si premia l&#8217;arroganza, non possiamo che ricordare un antico e saggio proverbio siciliano: \u201cSi duna a spiga a cu&#8217; non havi i denti e u pani a cu&#8217; non havi a vucca\u201d. Mai saggezza popolare fu pi\u00f9 attuale per descrivere una gestione del potere dove i ruoli di responsabilit\u00e0 finiscono spesso nelle mani di chi non ha gli strumenti per gestirli, lasciando la citt\u00e0 a digiuno di qualit\u00e0.<\/p>\n<p>\ud835\udc08\ud835\udc25 \ud835\udc2d\ud835\udc2b\ud835\udc1a\ud835\udc26\ud835\udc28\ud835\udc27\ud835\udc2d\ud835\udc28 \ud835\udc1d\ud835\udc1e\ud835\udc25\ud835\udc25&#8217;\ud835\udc04\ud835\udc31 &#8220;\ud835\udc11\ud835\udc1e \ud835\udc12\ud835\udc28\ud835\udc25\ud835\udc1e&#8221;: \ud835\udc28 \ud835\udc22\ud835\udc28 \ud835\udc28 \ud835\udc22\ud835\udc25 \ud835\udc1d\ud835\udc22\ud835\udc25\ud835\udc2e\ud835\udc2f\ud835\udc22\ud835\udc28<br \/>\nFuori dal Palazzo, i corridoi della politica mormorano e le voci diventano grida. Pare che un ex Sindaco della nostra citt\u00e0, transitato ultimamente sotto le insegne del movimento &#8220;Territorio&#8221;, abbia deciso di appendere definitivamente la fascia (gi\u00e0 indossata in passato e mai dimenticata) al chiodo. Il motivo? Sembra che dopo un acceso confronto interno, la sua pretesa di essere l&#8217;unico candidato possibile per la prossima sfida non abbia trovato il tappeto rosso che si aspettava. Il suo motto, d&#8217;altronde, \u00e8 sempre stato un classico del narcisismo politico: &#8220;O io, o nessuno&#8221;. E cos\u00ec, davanti al rifiuto del &#8220;Laboratorio Politico&#8221; di incoronarlo subito, il pezzo forte ha deciso di portarsi via il pallone e lasciare il campo. Un ritiro che conferma una vecchia regola: quando l&#8217;ego corre pi\u00f9 veloce della strategia, si finisce per guardare la partita dalla panchina, convinti che senza di s\u00e9 il mondo smetta di girare.<\/p>\n<p>\ud835\udc12\ud835\udc28\ud835\udc25\ud835\udc22\ud835\udc1d\ud835\udc1a\ud835\udc2b\ud835\udc22\ud835\udc1e\ud835\udc2d\u00e0 \ud835\udc1e \ud835\udc02\ud835\udc22\ud835\udc2f\ud835\udc22\ud835\udc25\ud835\udc2d\u00e0<br \/>\nChiudiamo con una nota seria, ma necessaria. Un passaggio obbligato va alla denuncia del Sindaco su minacce social e allo sfregio del portone comunale. Condanniamo vivamente questi episodi: la politica deve essere scontro di idee, non bersaglio di vandalismi. Esprimiamo piena solidariet\u00e0 al primo cittadino, apparso visibilmente provato. Tuttavia, ricordiamo che la sovraesposizione mediatica \u00e8 un&#8217;arma a doppio taglio che pu\u00f2 alimentare tensioni. La nostra satira rimarr\u00e0 sempre un bisturi per analizzare i fatti, mai un&#8217;arma per offendere l\u2019uomo. Saremo sempre dalla parte dei giusti, pronti a denunciare chi scambia la critica politica e la satira con la calunnia personale: la prima \u00e8 democrazia, la seconda \u00e8 solo barbarie. <\/p>\n<p>\ud835\udc01\ud835\udc2e\ud835\udc28\ud835\udc27 \ud835\udfcf\u00b0 \ud835\udc0c\ud835\udc1a\ud835\udc20\ud835\udc20\ud835\udc22\ud835\udc28 (\ud835\udc1a\ud835\udc22 \ud835\udc29\ud835\udc1a\ud835\udc2c\ud835\udc2c\ud835\udc22\ud835\udc2f\ud835\udc22)<br \/>\nInfine, un augurio speciale per la Festa dei Lavoratori a questa instancabile maggioranza. Grazie per l&#8217;immenso contributo&#8230; al riposo amministrativo. Il vostro lavoro &#8220;silenzioso&#8221; (e spesso passivo) sta portando il paese verso traguardi inesplorati. Continuate cos\u00ec: con la vostra capacit\u00e0 di dire di no a tutto ci\u00f2 che \u00e8 sensato, state davvero facendo fare un salto di qualit\u00e0&#8230; verso il basso. <\/p>\n<p>\ud835\udc01\ud835\udc2e\ud835\udc28\ud835\udc27 \ud835\udfcf\u00b0 \ud835\udc0c\ud835\udc1a\ud835\udc20\ud835\udc20\ud835\udc22\ud835\udc28 \ud835\udc1a \ud835\udc1c\ud835\udc21\ud835\udc22 \ud835\udc25\ud835\udc1a\ud835\udc2f\ud835\udc28\ud835\udc2b\ud835\udc1a \ud835\udc1d\ud835\udc1a\ud835\udc2f\ud835\udc2f\ud835\udc1e\ud835\udc2b\ud835\udc28 \ud835\udc29\ud835\udc1e\ud835\udc2b \ud835\udc12\ud835\udc1a\ud835\udc27\ud835\udc2d\ud835\udc1a \ud835\udc02\ud835\udc2b\ud835\udc28\ud835\udc1c\ud835\udc1e!<\/p>\n","protected":false},"excerpt":{"rendered":"<p>Se pensavate che il Consiglio Comunale fosse il luogo della nobile arte del confronto, l\u2019ultima seduta a Santa Croce vi avrebbe fatto ricredere. Pi\u00f9 che un\u2019aula istituzionale, \u00e8 sembrata il set di una commedia degli equivoci, tra fughe improvvise, allergie alla meritocrazia e colpi di scena degni di una serie TV di serie B. \ud835\udc02\ud835\udc28\ud835\udc27\ud835\udc2c\ud835\udc22\ud835\udc20\ud835\udc25\ud835\udc22\ud835\udc28 [&hellip;]<\/p>\n","protected":false},"author":65,"featured_media":86047,"comment_status":"closed","ping_status":"open","sticky":false,"template":"","format":"standard","meta":{"footnotes":""},"categories":[1472,5],"tags":[],"class_list":["post-86046","post","type-post","status-publish","format-standard","has-post-thumbnail","hentry","category-il-commento-satirico","category-editoriale"],"_links":{"self":[{"href":"https:\/\/www.santacroceweb.com\/index.php\/wp-json\/wp\/v2\/posts\/86046","targetHints":{"allow":["GET"]}}],"collection":[{"href":"https:\/\/www.santacroceweb.com\/index.php\/wp-json\/wp\/v2\/posts"}],"about":[{"href":"https:\/\/www.santacroceweb.com\/index.php\/wp-json\/wp\/v2\/types\/post"}],"author":[{"embeddable":true,"href":"https:\/\/www.santacroceweb.com\/index.php\/wp-json\/wp\/v2\/users\/65"}],"replies":[{"embeddable":true,"href":"https:\/\/www.santacroceweb.com\/index.php\/wp-json\/wp\/v2\/comments?post=86046"}],"version-history":[{"count":1,"href":"https:\/\/www.santacroceweb.com\/index.php\/wp-json\/wp\/v2\/posts\/86046\/revisions"}],"predecessor-version":[{"id":86048,"href":"https:\/\/www.santacroceweb.com\/index.php\/wp-json\/wp\/v2\/posts\/86046\/revisions\/86048"}],"wp:featuredmedia":[{"embeddable":true,"href":"https:\/\/www.santacroceweb.com\/index.php\/wp-json\/wp\/v2\/media\/86047"}],"wp:attachment":[{"href":"https:\/\/www.santacroceweb.com\/index.php\/wp-json\/wp\/v2\/media?parent=86046"}],"wp:term":[{"taxonomy":"category","embeddable":true,"href":"https:\/\/www.santacroceweb.com\/index.php\/wp-json\/wp\/v2\/categories?post=86046"},{"taxonomy":"post_tag","embeddable":true,"href":"https:\/\/www.santacroceweb.com\/index.php\/wp-json\/wp\/v2\/tags?post=86046"}],"curies":[{"name":"wp","href":"https:\/\/api.w.org\/{rel}","templated":true}]}}