{"id":868,"date":"2013-01-10T12:29:27","date_gmt":"2013-01-10T11:29:27","guid":{"rendered":"http:\/\/www.santacroceweb.com\/giornale1\/?p=868"},"modified":"2013-01-10T19:06:10","modified_gmt":"2013-01-10T18:06:10","slug":"sicurezza-lascom-a-gamba-tesa-non-e-vero-che-non-ci-sono-pericoli-serve-azione-sinergica","status":"publish","type":"post","link":"https:\/\/www.santacroceweb.com\/index.php\/2013\/01\/10\/sicurezza-lascom-a-gamba-tesa-non-e-vero-che-non-ci-sono-pericoli-serve-azione-sinergica\/","title":{"rendered":"Sicurezza, l&#8217;Ascom a gamba tesa: &#8220;Non \u00e8 vero che non ci sono pericoli, serve azione sinergica&#8221;"},"content":{"rendered":"<p style=\"text-align: justify;\">\u201cDire che non c\u2019\u00e8 alcun pericolo a Santa Croce \u00e8 forse un azzardo. I commercianti hanno paura. Ogni giorno raccolgo le preoccupazioni degli associati che, soprattutto la sera, fanno i conti con un timore assolutamente comprensibile dopo quanto accaduto in questi ultimi giorni\u201d. E\u2019 quanto afferma il presidente della locale sezione dell\u2019Ascom, Carmelo Giudice, con riferimento agli episodi verificatisi di recente. \u201cTroppi i fatti pesanti, e tutti concentrati in un determinato periodo \u2013 continua \u2013 perch\u00e9 non si possa pensare che occorra rivedere qualcosa sul fronte dell\u2019ordine pubblico. E soprattutto non si pu\u00f2 affermare che, facendo riferimento alle statistiche, non corriamo alcun problema. Purtroppo, abbiamo appurato, anche sulla nostra pelle, come i numeri possano essere utilizzati in maniera non sempre efficace. Ad ogni modo, non \u00e8 nostro intento polemizzare. Anzi, ringraziamo la disponibilit\u00e0 del sindaco, Franca Iurato, che ha accolto un nostro suggerimento invitando gli agenti di polizia municipale ad effettuare un giro di perlustrazione presso le varie attivit\u00e0 commerciali del centro citt\u00e0 durante l\u2019orario di chiusura, quando maggiore \u00e8 il rischio che i malviventi possano entrare in azione. Restiamo convinti che sia indispensabile muoversi in maniera sinergica, con l\u2019ausilio di tutte le forze dell\u2019ordine, per cercare di ristabilire quella tranquillit\u00e0 che un tempo, per la nostra cittadina, rappresentava un vanto. Siamo disponibili fin da ora, come associazione dei commercianti, a fornire il nostro contributo, in termini di idee e di verifica rispetto ai provvedimenti gi\u00e0 adottati, per trovare le soluzioni adatte. E\u2019 opportuno muoversi tutti assieme. Perch\u00e9 il bene comune \u00e8 materia che riguarda le varie categorie e le istituzioni oltre, ovviamente, ai normali cittadini. Ed \u00e8 nostro interesse fare in modo che non si ripetano pi\u00f9 episodi limite come quelli degli ultimi giorni\u201d.<\/p>\n<p style=\"text-align: right;\"><strong>Redazione<\/strong><\/p>\n","protected":false},"excerpt":{"rendered":"<p>\u201cDire che non c\u2019\u00e8 alcun pericolo a Santa Croce \u00e8 forse un azzardo. I commercianti hanno paura. Ogni giorno raccolgo le preoccupazioni degli associati che, soprattutto la sera, fanno i conti con un timore assolutamente comprensibile dopo quanto accaduto in questi ultimi giorni\u201d. E\u2019 quanto afferma il presidente della locale sezione dell\u2019Ascom, Carmelo Giudice, con [&hellip;]<\/p>\n","protected":false},"author":34,"featured_media":869,"comment_status":"open","ping_status":"open","sticky":false,"template":"","format":"standard","meta":{"footnotes":""},"categories":[7],"tags":[],"class_list":["post-868","post","type-post","status-publish","format-standard","has-post-thumbnail","hentry","category-cronaca"],"_links":{"self":[{"href":"https:\/\/www.santacroceweb.com\/index.php\/wp-json\/wp\/v2\/posts\/868","targetHints":{"allow":["GET"]}}],"collection":[{"href":"https:\/\/www.santacroceweb.com\/index.php\/wp-json\/wp\/v2\/posts"}],"about":[{"href":"https:\/\/www.santacroceweb.com\/index.php\/wp-json\/wp\/v2\/types\/post"}],"author":[{"embeddable":true,"href":"https:\/\/www.santacroceweb.com\/index.php\/wp-json\/wp\/v2\/users\/34"}],"replies":[{"embeddable":true,"href":"https:\/\/www.santacroceweb.com\/index.php\/wp-json\/wp\/v2\/comments?post=868"}],"version-history":[{"count":0,"href":"https:\/\/www.santacroceweb.com\/index.php\/wp-json\/wp\/v2\/posts\/868\/revisions"}],"wp:featuredmedia":[{"embeddable":true,"href":"https:\/\/www.santacroceweb.com\/index.php\/wp-json\/wp\/v2\/media\/869"}],"wp:attachment":[{"href":"https:\/\/www.santacroceweb.com\/index.php\/wp-json\/wp\/v2\/media?parent=868"}],"wp:term":[{"taxonomy":"category","embeddable":true,"href":"https:\/\/www.santacroceweb.com\/index.php\/wp-json\/wp\/v2\/categories?post=868"},{"taxonomy":"post_tag","embeddable":true,"href":"https:\/\/www.santacroceweb.com\/index.php\/wp-json\/wp\/v2\/tags?post=868"}],"curies":[{"name":"wp","href":"https:\/\/api.w.org\/{rel}","templated":true}]}}