{"id":87472,"date":"2026-09-02T10:19:59","date_gmt":"2026-09-02T08:19:59","guid":{"rendered":"https:\/\/www.santacroceweb.com\/?p=87472"},"modified":"2026-09-02T10:19:59","modified_gmt":"2026-09-02T08:19:59","slug":"santa-barbara-a-marina-di-ragusa-nasce-un-nuovo-spazio-per-le-celebrazioni","status":"publish","type":"post","link":"https:\/\/www.santacroceweb.com\/index.php\/2026\/09\/02\/santa-barbara-a-marina-di-ragusa-nasce-un-nuovo-spazio-per-le-celebrazioni\/","title":{"rendered":"Santa Barbara, a Marina di Ragusa nasce un nuovo spazio per le celebrazioni"},"content":{"rendered":"<p class=\"p2\"><span class=\"s1\">Un nuovo spazio dedicato alle celebrazioni religiose sar\u00e0 inaugurato sabato 5 settembre nella zona di Santa Barbara, a Marina di Ragusa.<\/span><\/p>\n<p class=\"p2\"><span class=\"s1\">L\u2019appuntamento \u00e8 fissato alle ore 20 in via Matteo Ricci 5, dove sar\u00e0 celebrata la Santa Messa presieduta dal vescovo di Ragusa, monsignor Giuseppe La Placa. Al termine della celebrazione \u00e8 prevista la benedizione del nuovo luogo di culto.<\/span><\/p>\n<p class=\"p2\"><span class=\"s1\">L\u2019iniziativa \u00e8 promossa dalla Diocesi di Ragusa insieme alla Parrocchia Santa Maria di Portosalvo e rappresenta un nuovo punto di riferimento per la comunit\u00e0 della zona.<\/span><\/p>\n<p class=\"p2\"><span class=\"s1\">Il nuovo spazio \u00e8 stato pensato per ospitare celebrazioni all\u2019aperto ed \u00e8 dotato di una parte coperta destinata all\u2019altare, oltre a un\u2019area pi\u00f9 ampia riservata ai fedeli.<\/span><\/p>\n","protected":false},"excerpt":{"rendered":"<p>Un nuovo spazio dedicato alle celebrazioni religiose sar\u00e0 inaugurato sabato 5 settembre nella zona di Santa Barbara, a Marina di Ragusa. L\u2019appuntamento \u00e8 fissato alle ore 20 in via Matteo Ricci 5, dove sar\u00e0 celebrata la Santa Messa presieduta dal vescovo di Ragusa, monsignor Giuseppe La Placa. Al termine della celebrazione \u00e8 prevista la benedizione [&hellip;]<\/p>\n","protected":false},"author":34,"featured_media":87473,"comment_status":"closed","ping_status":"open","sticky":false,"template":"","format":"standard","meta":{"footnotes":""},"categories":[22],"tags":[],"class_list":["post-87472","post","type-post","status-publish","format-standard","has-post-thumbnail","hentry","category-provincia"],"_links":{"self":[{"href":"https:\/\/www.santacroceweb.com\/index.php\/wp-json\/wp\/v2\/posts\/87472","targetHints":{"allow":["GET"]}}],"collection":[{"href":"https:\/\/www.santacroceweb.com\/index.php\/wp-json\/wp\/v2\/posts"}],"about":[{"href":"https:\/\/www.santacroceweb.com\/index.php\/wp-json\/wp\/v2\/types\/post"}],"author":[{"embeddable":true,"href":"https:\/\/www.santacroceweb.com\/index.php\/wp-json\/wp\/v2\/users\/34"}],"replies":[{"embeddable":true,"href":"https:\/\/www.santacroceweb.com\/index.php\/wp-json\/wp\/v2\/comments?post=87472"}],"version-history":[{"count":2,"href":"https:\/\/www.santacroceweb.com\/index.php\/wp-json\/wp\/v2\/posts\/87472\/revisions"}],"predecessor-version":[{"id":87475,"href":"https:\/\/www.santacroceweb.com\/index.php\/wp-json\/wp\/v2\/posts\/87472\/revisions\/87475"}],"wp:featuredmedia":[{"embeddable":true,"href":"https:\/\/www.santacroceweb.com\/index.php\/wp-json\/wp\/v2\/media\/87473"}],"wp:attachment":[{"href":"https:\/\/www.santacroceweb.com\/index.php\/wp-json\/wp\/v2\/media?parent=87472"}],"wp:term":[{"taxonomy":"category","embeddable":true,"href":"https:\/\/www.santacroceweb.com\/index.php\/wp-json\/wp\/v2\/categories?post=87472"},{"taxonomy":"post_tag","embeddable":true,"href":"https:\/\/www.santacroceweb.com\/index.php\/wp-json\/wp\/v2\/tags?post=87472"}],"curies":[{"name":"wp","href":"https:\/\/api.w.org\/{rel}","templated":true}]}}