{"id":87485,"date":"2026-09-03T14:08:01","date_gmt":"2026-09-03T12:08:01","guid":{"rendered":"https:\/\/www.santacroceweb.com\/?p=87485"},"modified":"2026-09-03T14:08:01","modified_gmt":"2026-09-03T12:08:01","slug":"tumore-del-colon-retto-il-p-o-guzzardi-di-vittoria-individuato-come-centro-specialistico","status":"publish","type":"post","link":"https:\/\/www.santacroceweb.com\/index.php\/2026\/09\/03\/tumore-del-colon-retto-il-p-o-guzzardi-di-vittoria-individuato-come-centro-specialistico\/","title":{"rendered":"Tumore del colon-retto, il P.O. \u201cGuzzardi\u201d di Vittoria individuato come centro specialistico"},"content":{"rendered":"<div data-originalfontsize=\"12pt\" data-originalcomputedfontsize=\"16\">L\u2019ospedale \u201cGuzzardi\u201d di Vittoria \u00e8 stato individuato dall\u2019assessorato regionale della Salute per l\u2019inserimento tra i centri specialistici per il trattamento del tumore del colon-retto. La decisione riguarda l\u2019Unit\u00e0 operativa complessa di Chirurgia generale, diretta dal dottor Pietro Conti, e il suo ruolo nel percorso diagnostico, terapeutico e assistenziale (PDTA) dedicato alle persone affette da questa patologia.<\/div>\n<div data-originalfontsize=\"12pt\" data-originalcomputedfontsize=\"16\">Il PDTA organizza le diverse fasi dell\u2019assistenza: dagli accertamenti per confermare la diagnosi e valutare l\u2019estensione della malattia alla scelta delle terapie, fino ai controlli successivi alle cure.<\/div>\n<div data-originalfontsize=\"12pt\" data-originalcomputedfontsize=\"16\">In una nota del maggio scorso, la Regione, dopo aver valutato i volumi di attivit\u00e0 della Chirurgia del \u201cGuzzardi\u201d, ha espresso l\u2019indicazione all\u2019inserimento tra i centri specialistici. L\u2019Azienda ha cos\u00ec rimodulato a giugno il Gruppo oncologico multidisciplinare (GOM) del colon-retto, gi\u00e0 presente dal 2024, integrandone ulteriormente la composizione a luglio per assicurare continuit\u00e0 alla valutazione dei casi.<\/div>\n<div data-originalfontsize=\"12pt\" data-originalcomputedfontsize=\"16\">Coordinato dall\u2019oncologo Antonio Lucenti, il gruppo riunisce professionisti di oncologia, chirurgia, gastroenterologia, radiologia, radioterapia, anatomia patologica, genetica medica, screening, fisiatria e psicologia. Gli specialisti discutono i singoli casi e definiscono un programma personalizzato, stabilendo il ruolo della chirurgia e degli eventuali trattamenti oncologici e radioterapici in base alle caratteristiche della malattia e alle condizioni della persona. L\u2019obiettivo \u00e8 coordinare esami, visite e cure, riducendo la frammentazione dell\u2019assistenza.<\/div>\n<div data-originalfontsize=\"12pt\" data-originalcomputedfontsize=\"16\">\u00abPer chi affronta un tumore al colon \u2013 dice il Direttore generale, Giuseppe Drago \u2013 \u00e8 fondamentale poter contare su un centro specialistico: significa avere un\u2019\u00e9quipe che valuta il caso e concorda le cure, prima e dopo l\u2019intervento. \u00c8 questo il valore del riconoscimento della Chirurgia del \u201cGuzzardi\u201d: collegare l\u2019attivit\u00e0 chirurgica a un percorso che accompagna il paziente anche nelle fasi successive\u00bb.<\/div>\n","protected":false},"excerpt":{"rendered":"<p>L\u2019ospedale \u201cGuzzardi\u201d di Vittoria \u00e8 stato individuato dall\u2019assessorato regionale della Salute per l\u2019inserimento tra i centri specialistici per il trattamento del tumore del colon-retto. La decisione riguarda l\u2019Unit\u00e0 operativa complessa di Chirurgia generale, diretta dal dottor Pietro Conti, e il suo ruolo nel percorso diagnostico, terapeutico e assistenziale (PDTA) dedicato alle persone affette da questa [&hellip;]<\/p>\n","protected":false},"author":34,"featured_media":87486,"comment_status":"closed","ping_status":"open","sticky":false,"template":"","format":"standard","meta":{"footnotes":""},"categories":[22,1473],"tags":[],"class_list":["post-87485","post","type-post","status-publish","format-standard","has-post-thumbnail","hentry","category-provincia","category-salute"],"_links":{"self":[{"href":"https:\/\/www.santacroceweb.com\/index.php\/wp-json\/wp\/v2\/posts\/87485","targetHints":{"allow":["GET"]}}],"collection":[{"href":"https:\/\/www.santacroceweb.com\/index.php\/wp-json\/wp\/v2\/posts"}],"about":[{"href":"https:\/\/www.santacroceweb.com\/index.php\/wp-json\/wp\/v2\/types\/post"}],"author":[{"embeddable":true,"href":"https:\/\/www.santacroceweb.com\/index.php\/wp-json\/wp\/v2\/users\/34"}],"replies":[{"embeddable":true,"href":"https:\/\/www.santacroceweb.com\/index.php\/wp-json\/wp\/v2\/comments?post=87485"}],"version-history":[{"count":1,"href":"https:\/\/www.santacroceweb.com\/index.php\/wp-json\/wp\/v2\/posts\/87485\/revisions"}],"predecessor-version":[{"id":87487,"href":"https:\/\/www.santacroceweb.com\/index.php\/wp-json\/wp\/v2\/posts\/87485\/revisions\/87487"}],"wp:featuredmedia":[{"embeddable":true,"href":"https:\/\/www.santacroceweb.com\/index.php\/wp-json\/wp\/v2\/media\/87486"}],"wp:attachment":[{"href":"https:\/\/www.santacroceweb.com\/index.php\/wp-json\/wp\/v2\/media?parent=87485"}],"wp:term":[{"taxonomy":"category","embeddable":true,"href":"https:\/\/www.santacroceweb.com\/index.php\/wp-json\/wp\/v2\/categories?post=87485"},{"taxonomy":"post_tag","embeddable":true,"href":"https:\/\/www.santacroceweb.com\/index.php\/wp-json\/wp\/v2\/tags?post=87485"}],"curies":[{"name":"wp","href":"https:\/\/api.w.org\/{rel}","templated":true}]}}