{"id":87498,"date":"2026-09-04T09:06:08","date_gmt":"2026-09-04T07:06:08","guid":{"rendered":"https:\/\/www.santacroceweb.com\/?p=87498"},"modified":"2026-09-04T09:06:08","modified_gmt":"2026-09-04T07:06:08","slug":"santa-rosalia-oggi-la-festa-liturgica-a-santa-croce-camerina-cresce-lattesa-per-i-festeggiamenti-di-ottobre","status":"publish","type":"post","link":"https:\/\/www.santacroceweb.com\/index.php\/2026\/09\/04\/santa-rosalia-oggi-la-festa-liturgica-a-santa-croce-camerina-cresce-lattesa-per-i-festeggiamenti-di-ottobre\/","title":{"rendered":"Santa Rosalia, oggi la festa liturgica. A Santa Croce Camerina cresce l\u2019attesa per i festeggiamenti di ottobre"},"content":{"rendered":"<p class=\"p2\"><span class=\"s1\">\u00c8 il giorno di Santa Rosalia. Oggi, <\/span><span class=\"s2\">4 settembre<\/span><span class=\"s1\">, Santa Croce Camerina celebra la festa liturgica della propria Patrona, con le celebrazioni eucaristiche nella Chiesa Madre alle <\/span><span class=\"s2\">8.30 e alle 19.00<\/span><span class=\"s1\">.<\/span><\/p>\n<p class=\"p2\"><span class=\"s1\">Una giornata di fede e devozione che rappresenta una tappa importante del percorso che accompagner\u00e0 la comunit\u00e0 verso i festeggiamenti patronali.<\/span><\/p>\n<p class=\"p2\"><span class=\"s1\">L\u2019appuntamento pi\u00f9 atteso, infatti, \u00e8 gi\u00e0 fissato per <\/span><span class=\"s2\">sabato 3 e domenica 4 ottobre<\/span><span class=\"s1\">, quando Santa Croce torner\u00e0 a vivere la festa esterna in onore di Santa Rosalia. Il 3 ottobre sar\u00e0 la vigilia, mentre <\/span><span class=\"s2\">domenica 4 ottobre sar\u00e0 la giornata clou<\/span><span class=\"s1\">, con la tradizionale questua dei doni, l\u2019asta mattutina in Piazza Vittoria Emanuele II e, nel pomeriggio, la solenne processione del simulacro per le vie della citt\u00e0. <\/span><\/p>\n<p class=\"p2\"><span class=\"s1\">Il calendario dei festeggiamenti 2026 prevede poi un ultimo appuntamento il <\/span><span class=\"s2\">10 ottobre<\/span><span class=\"s1\">, con la celebrazione della Santa Messa e la riposizione del simulacro nella sua cappella, a conclusione delle celebrazioni patronali. <\/span><\/p>\n<p class=\"p2\"><span class=\"s1\">Intanto, oggi, Santa Rosalia torna al centro della vita religiosa della citt\u00e0. Una ricorrenza che rinnova un legame antico e profondamente sentito dalla comunit\u00e0 camerinese e che, dalla giornata liturgica del 4 settembre, guarda gi\u00e0 verso il grande appuntamento di ottobre.<\/span><\/p>\n<p class=\"p2\"><span class=\"s1\">\ud83d\udcf8 Foto di Martina Pacetto<\/span><\/p>\n","protected":false},"excerpt":{"rendered":"<p>\u00c8 il giorno di Santa Rosalia. Oggi, 4 settembre, Santa Croce Camerina celebra la festa liturgica della propria Patrona, con le celebrazioni eucaristiche nella Chiesa Madre alle 8.30 e alle 19.00. Una giornata di fede e devozione che rappresenta una tappa importante del percorso che accompagner\u00e0 la comunit\u00e0 verso i festeggiamenti patronali. L\u2019appuntamento pi\u00f9 atteso, [&hellip;]<\/p>\n","protected":false},"author":34,"featured_media":87499,"comment_status":"closed","ping_status":"open","sticky":false,"template":"","format":"standard","meta":{"footnotes":""},"categories":[1474,11],"tags":[],"class_list":["post-87498","post","type-post","status-publish","format-standard","has-post-thumbnail","hentry","category-dalla-citta","category-primopiano"],"_links":{"self":[{"href":"https:\/\/www.santacroceweb.com\/index.php\/wp-json\/wp\/v2\/posts\/87498","targetHints":{"allow":["GET"]}}],"collection":[{"href":"https:\/\/www.santacroceweb.com\/index.php\/wp-json\/wp\/v2\/posts"}],"about":[{"href":"https:\/\/www.santacroceweb.com\/index.php\/wp-json\/wp\/v2\/types\/post"}],"author":[{"embeddable":true,"href":"https:\/\/www.santacroceweb.com\/index.php\/wp-json\/wp\/v2\/users\/34"}],"replies":[{"embeddable":true,"href":"https:\/\/www.santacroceweb.com\/index.php\/wp-json\/wp\/v2\/comments?post=87498"}],"version-history":[{"count":1,"href":"https:\/\/www.santacroceweb.com\/index.php\/wp-json\/wp\/v2\/posts\/87498\/revisions"}],"predecessor-version":[{"id":87500,"href":"https:\/\/www.santacroceweb.com\/index.php\/wp-json\/wp\/v2\/posts\/87498\/revisions\/87500"}],"wp:featuredmedia":[{"embeddable":true,"href":"https:\/\/www.santacroceweb.com\/index.php\/wp-json\/wp\/v2\/media\/87499"}],"wp:attachment":[{"href":"https:\/\/www.santacroceweb.com\/index.php\/wp-json\/wp\/v2\/media?parent=87498"}],"wp:term":[{"taxonomy":"category","embeddable":true,"href":"https:\/\/www.santacroceweb.com\/index.php\/wp-json\/wp\/v2\/categories?post=87498"},{"taxonomy":"post_tag","embeddable":true,"href":"https:\/\/www.santacroceweb.com\/index.php\/wp-json\/wp\/v2\/tags?post=87498"}],"curies":[{"name":"wp","href":"https:\/\/api.w.org\/{rel}","templated":true}]}}