{"id":87501,"date":"2026-09-04T11:06:17","date_gmt":"2026-09-04T09:06:17","guid":{"rendered":"https:\/\/www.santacroceweb.com\/?p=87501"},"modified":"2026-09-04T11:06:17","modified_gmt":"2026-09-04T09:06:17","slug":"rifiuti-al-ccr-il-presidente-del-consiglio-comunale-agnello-situazione-seria-serve-fare-chiarezza","status":"publish","type":"post","link":"https:\/\/www.santacroceweb.com\/index.php\/2026\/09\/04\/rifiuti-al-ccr-il-presidente-del-consiglio-comunale-agnello-situazione-seria-serve-fare-chiarezza\/","title":{"rendered":"Rifiuti al Ccr, il presidente del Consiglio comunale Agnello: \u00abSituazione seria, serve fare chiarezza\u00bb"},"content":{"rendered":"<p>&nbsp;<\/p>\n<p class=\"p1\" style=\"margin: 0px; font-width: normal; font-size: 17px; line-height: normal; font-size-adjust: none; font-kerning: auto; font-variant-alternates: normal; font-variant-ligatures: normal; font-variant-numeric: normal; font-variant-east-asian: normal; font-variant-position: normal; font-feature-settings: normal; font-optical-sizing: auto; font-variation-settings: normal; min-height: 22px; -webkit-text-size-adjust: auto;\">\n<p class=\"p2\" style=\"margin: 0px; font-width: normal; font-size: 17px; line-height: normal; font-size-adjust: none; font-kerning: auto; font-variant-alternates: normal; font-variant-ligatures: normal; font-variant-numeric: normal; font-variant-east-asian: normal; font-variant-position: normal; font-feature-settings: normal; font-optical-sizing: auto; font-variation-settings: normal; -webkit-text-size-adjust: auto;\"><span class=\"s2\" style=\"font-family: UICTFontTextStyleBody;\">\u00abLa situazione segnalata in questi giorni merita attenzione e, soprattutto, chiarezza. Questa mattina, come qualunque cittadino, mi sono recato al Centro Comunale di Raccolta per conferire alcuni indumenti e ho potuto constatare personalmente le condizioni dell&#8217;area\u00bb.<\/span><\/p>\n<p class=\"p2\" style=\"margin: 0px; font-width: normal; font-size: 17px; line-height: normal; font-size-adjust: none; font-kerning: auto; font-variant-alternates: normal; font-variant-ligatures: normal; font-variant-numeric: normal; font-variant-east-asian: normal; font-variant-position: normal; font-feature-settings: normal; font-optical-sizing: auto; font-variation-settings: normal; -webkit-text-size-adjust: auto;\"><span class=\"s2\" style=\"font-family: UICTFontTextStyleBody;\">Lo dichiara il Presidente del Consiglio comunale di Santa Croce Camerina, Luca Agnello, intervenendo sulla vicenda sollevata dal Laboratorio Politico Camarinense.<\/span><\/p>\n<p class=\"p2\" style=\"margin: 0px; font-width: normal; font-size: 17px; line-height: normal; font-size-adjust: none; font-kerning: auto; font-variant-alternates: normal; font-variant-ligatures: normal; font-variant-numeric: normal; font-variant-east-asian: normal; font-variant-position: normal; font-feature-settings: normal; font-optical-sizing: auto; font-variation-settings: normal; -webkit-text-size-adjust: auto;\"><span class=\"s2\" style=\"font-family: UICTFontTextStyleBody;\">\u00abNon parlo quindi per sentito dire: ho visto la presenza di una consistente quantit\u00e0 di rifiuti e ho avvertito personalmente miasmi decisamente pi\u00f9 forti del normale. Una situazione seria, che non pu\u00f2 essere minimizzata\u00bb.<\/span><\/p>\n<p class=\"p2\" style=\"margin: 0px; font-width: normal; font-size: 17px; line-height: normal; font-size-adjust: none; font-kerning: auto; font-variant-alternates: normal; font-variant-ligatures: normal; font-variant-numeric: normal; font-variant-east-asian: normal; font-variant-position: normal; font-feature-settings: normal; font-optical-sizing: auto; font-variation-settings: normal; -webkit-text-size-adjust: auto;\"><span class=\"s2\" style=\"font-family: UICTFontTextStyleBody;\">\u00abQuesta mattina erano gi\u00e0 iniziate alcune operazioni di pulizia e rimozione dei rifiuti e la situazione appariva leggermente migliorata rispetto alle immagini pubblicate ieri, anche se permanevano evidenti criticit\u00e0. Sul posto era inoltre presente la Polizia Municipale, che ha effettuato rilievi fotografici della situazione\u00bb.<\/span><\/p>\n<p class=\"p2\" style=\"margin: 0px; font-width: normal; font-size: 17px; line-height: normal; font-size-adjust: none; font-kerning: auto; font-variant-alternates: normal; font-variant-ligatures: normal; font-variant-numeric: normal; font-variant-east-asian: normal; font-variant-position: normal; font-feature-settings: normal; font-optical-sizing: auto; font-variation-settings: normal; -webkit-text-size-adjust: auto;\"><span class=\"s2\" style=\"font-family: UICTFontTextStyleBody;\">\u00abCredo sia importante capire quali accertamenti siano stati effettuati e quali elementi siano stati rilevati, affinch\u00e9 sulla vicenda venga fatta piena chiarezza. Non credo sia utile trasformare anche questa situazione in una contrapposizione politica: \u00e8 invece necessario comprendere cosa abbia determinato queste condizioni e quali interventi siano necessari perch\u00e9 non si ripetano\u00bb.<\/span><\/p>\n<p class=\"p2\" style=\"margin: 0px; font-width: normal; font-size: 17px; line-height: normal; font-size-adjust: none; font-kerning: auto; font-variant-alternates: normal; font-variant-ligatures: normal; font-variant-numeric: normal; font-variant-east-asian: normal; font-variant-position: normal; font-feature-settings: normal; font-optical-sizing: auto; font-variation-settings: normal; -webkit-text-size-adjust: auto;\"><span class=\"s2\" style=\"font-family: UICTFontTextStyleBody;\">\u00ab\u00c8 una struttura che l&#8217;attuale amministrazione ha ereditato quattro anni fa e che, nel segno della continuit\u00e0 amministrativa, abbiamo il dovere di preservare, valorizzare e, dove possibile, migliorare. \u00c8 questo il senso di una responsabilit\u00e0 che non guarda soltanto a ci\u00f2 che si \u00e8 ricevuto, ma soprattutto a ci\u00f2 che si \u00e8 chiamati a lasciare\u00bb.<\/span><\/p>\n<p class=\"p2\" style=\"margin: 0px; font-width: normal; font-size: 17px; line-height: normal; font-size-adjust: none; font-kerning: auto; font-variant-alternates: normal; font-variant-ligatures: normal; font-variant-numeric: normal; font-variant-east-asian: normal; font-variant-position: normal; font-feature-settings: normal; font-optical-sizing: auto; font-variation-settings: normal; -webkit-text-size-adjust: auto;\"><span class=\"s2\" style=\"font-family: UICTFontTextStyleBody;\">\u00abIn un momento in cui, come amministratori, chiediamo con forza ai cittadini il rispetto dell&#8217;ambiente e il corretto conferimento dei rifiuti, dobbiamo essere consapevoli che il CCR \u00e8 uno dei nostri biglietti da visita. Se chiediamo ai cittadini comportamenti corretti, dobbiamo essere noi per primi a dare il buon esempio, garantendo luoghi adeguati, ordinati e funzionali\u00bb.<\/span><\/p>\n<p class=\"p2\" style=\"margin: 0px; font-width: normal; font-size: 17px; line-height: normal; font-size-adjust: none; font-kerning: auto; font-variant-alternates: normal; font-variant-ligatures: normal; font-variant-numeric: normal; font-variant-east-asian: normal; font-variant-position: normal; font-feature-settings: normal; font-optical-sizing: auto; font-variation-settings: normal; -webkit-text-size-adjust: auto;\"><span class=\"s2\" style=\"font-family: UICTFontTextStyleBody;\">\u00abQuello che ho visto questa mattina merita attenzione. Mi auguro che gli interventi gi\u00e0 avviati possano riportare rapidamente il Centro a condizioni adeguate e che venga fatta piena chiarezza su quanto accaduto\u00bb.<\/span><\/p>\n<p class=\"p1\" style=\"margin: 0px; font-width: normal; font-size: 17px; line-height: normal; font-size-adjust: none; font-kerning: auto; font-variant-alternates: normal; font-variant-ligatures: normal; font-variant-numeric: normal; font-variant-east-asian: normal; font-variant-position: normal; font-feature-settings: normal; font-optical-sizing: auto; font-variation-settings: normal; min-height: 22px; -webkit-text-size-adjust: auto;\">\n<p class=\"p1\" style=\"margin: 0px; font-width: normal; font-size: 17px; line-height: normal; font-size-adjust: none; font-kerning: auto; font-variant-alternates: normal; font-variant-ligatures: normal; font-variant-numeric: normal; font-variant-east-asian: normal; font-variant-position: normal; font-feature-settings: normal; font-optical-sizing: auto; font-variation-settings: normal; min-height: 22px; -webkit-text-size-adjust: auto;\">\n<p class=\"p2\" style=\"margin: 0px; font-width: normal; font-size: 17px; line-height: normal; font-size-adjust: none; font-kerning: auto; font-variant-alternates: normal; font-variant-ligatures: normal; font-variant-numeric: normal; font-variant-east-asian: normal; font-variant-position: normal; font-feature-settings: normal; font-optical-sizing: auto; font-variation-settings: normal; -webkit-text-size-adjust: auto;\"><span class=\"s2\" style=\"font-family: UICTFontTextStyleBody;\">Il Presidente del Consiglio Comunale<\/span><\/p>\n<p class=\"p2\" style=\"margin: 0px; font-width: normal; font-size: 17px; line-height: normal; font-size-adjust: none; font-kerning: auto; font-variant-alternates: normal; font-variant-ligatures: normal; font-variant-numeric: normal; font-variant-east-asian: normal; font-variant-position: normal; font-feature-settings: normal; font-optical-sizing: auto; font-variation-settings: normal; -webkit-text-size-adjust: auto;\"><span class=\"s2\" style=\"font-family: UICTFontTextStyleBody;\">Luca Agnello<\/span><\/p>\n","protected":false},"excerpt":{"rendered":"<p>&nbsp; \u00abLa situazione segnalata in questi giorni merita attenzione e, soprattutto, chiarezza. Questa mattina, come qualunque cittadino, mi sono recato al Centro Comunale di Raccolta per conferire alcuni indumenti e ho potuto constatare personalmente le condizioni dell&#8217;area\u00bb. Lo dichiara il Presidente del Consiglio comunale di Santa Croce Camerina, Luca Agnello, intervenendo sulla vicenda sollevata dal [&hellip;]<\/p>\n","protected":false},"author":34,"featured_media":87502,"comment_status":"closed","ping_status":"open","sticky":false,"template":"","format":"standard","meta":{"footnotes":""},"categories":[8],"tags":[],"class_list":["post-87501","post","type-post","status-publish","format-standard","has-post-thumbnail","hentry","category-attualita"],"_links":{"self":[{"href":"https:\/\/www.santacroceweb.com\/index.php\/wp-json\/wp\/v2\/posts\/87501","targetHints":{"allow":["GET"]}}],"collection":[{"href":"https:\/\/www.santacroceweb.com\/index.php\/wp-json\/wp\/v2\/posts"}],"about":[{"href":"https:\/\/www.santacroceweb.com\/index.php\/wp-json\/wp\/v2\/types\/post"}],"author":[{"embeddable":true,"href":"https:\/\/www.santacroceweb.com\/index.php\/wp-json\/wp\/v2\/users\/34"}],"replies":[{"embeddable":true,"href":"https:\/\/www.santacroceweb.com\/index.php\/wp-json\/wp\/v2\/comments?post=87501"}],"version-history":[{"count":1,"href":"https:\/\/www.santacroceweb.com\/index.php\/wp-json\/wp\/v2\/posts\/87501\/revisions"}],"predecessor-version":[{"id":87503,"href":"https:\/\/www.santacroceweb.com\/index.php\/wp-json\/wp\/v2\/posts\/87501\/revisions\/87503"}],"wp:featuredmedia":[{"embeddable":true,"href":"https:\/\/www.santacroceweb.com\/index.php\/wp-json\/wp\/v2\/media\/87502"}],"wp:attachment":[{"href":"https:\/\/www.santacroceweb.com\/index.php\/wp-json\/wp\/v2\/media?parent=87501"}],"wp:term":[{"taxonomy":"category","embeddable":true,"href":"https:\/\/www.santacroceweb.com\/index.php\/wp-json\/wp\/v2\/categories?post=87501"},{"taxonomy":"post_tag","embeddable":true,"href":"https:\/\/www.santacroceweb.com\/index.php\/wp-json\/wp\/v2\/tags?post=87501"}],"curies":[{"name":"wp","href":"https:\/\/api.w.org\/{rel}","templated":true}]}}