{"id":87509,"date":"2026-09-04T16:54:11","date_gmt":"2026-09-04T14:54:11","guid":{"rendered":"https:\/\/www.santacroceweb.com\/?p=87509"},"modified":"2026-09-04T16:54:11","modified_gmt":"2026-09-04T14:54:11","slug":"rifiuti-al-ccr-insieme-per-santa-croce-bene-agnello-ma-lamministrazione-ignora-i-nostri-allarmi-dal-2024","status":"publish","type":"post","link":"https:\/\/www.santacroceweb.com\/index.php\/2026\/09\/04\/rifiuti-al-ccr-insieme-per-santa-croce-bene-agnello-ma-lamministrazione-ignora-i-nostri-allarmi-dal-2024\/","title":{"rendered":"Rifiuti al CCR, \u201cInsieme per Santa Croce\u201d: \u00abBene Agnello, ma l&#8217;Amministrazione ignora i nostri allarmi dal 2024\u00bb"},"content":{"rendered":"<p style=\"text-align: justify;\"><strong>Riceviamo e pubblichiamo la nota congiunta dei consiglieri comunali Piero Mandar\u00e0 e Gaetano Riva, rappresentanti del gruppo consiliare &#8220;Insieme per Santa Croce&#8221;.<\/strong><\/p>\n<p style=\"text-align: justify;\">\u00abLe dichiarazioni del Presidente del Consiglio comunale, Luca Agnello, squarciano finalmente il velo di silenzio su una situazione che non era pi\u00f9 possibile nascondere. Come gruppo consiliare &#8220;Insieme per Santa Croce&#8221;, appoggiamo con fermezza il suo intervento: quando una carica istituzionale di garanzia constata di persona il degrado e definisce la situazione &#8220;seria&#8221;, significa che i nodi sono venuti al pettine\u00bb. \u00c8 quanto dichiarano i consiglieri comunali <strong>Piero Mandar\u00e0<\/strong> e <strong>Gaetano Riva<\/strong>, intervenendo sul caos logistico e igienico che ha travolto il Centro Comunale di Raccolta (CCR) in c.da Cozzo Fava. \u00abInaccettabile lo scaricabarile: la responsabilit\u00e0 politica e di controllo \u00e8 del Comune\u00bb<\/p>\n<p style=\"text-align: justify;\">\u00abDavanti a questo scenario \u2014 evidenziano con forza Mandar\u00e0 e Riva \u2014 assistiamo purtroppo al solito, goffo tentativo di alleggerire la posizione di chi governa, ricordando che la gestione operativa e logistica del centro \u00e8 affidata alla ditta privata che si \u00e8 aggiudicata l\u2019appalto di igiene ambientale. <strong>Rifiutiamo categoricamente questa logica dello scaricabarile.<\/strong> \u00c8 fin troppo facile nascondersi dietro il capitolato d&#8217;appalto o i compiti della societ\u00e0 esterna quando le cose vanno male\u00bb.<\/p>\n<p style=\"text-align: justify;\">\u00abLa gestione pratica sar\u00e0 anche in mano ai privati, ma la <strong>supervisione normativa, l&#8217;indirizzo politico e il controllo serrato sul corretto svolgimento del servizio spettano unicamente all&#8217;Amministrazione comunale e all&#8217;Assessore competente<\/strong>, supportati dall&#8217;Ufficio Tecnico. Se la ditta fallisce nella gestione quotidiana, se i cassoni traboccano e i RAEE si accumulano, significa che l&#8217;Ente pubblico non sta vigilando come dovrebbe. I cittadini pagano le tasse al Comune, non alla ditta privata, ed \u00e8 al Comune che chiedono conto e ragione del degrado\u00bb.<\/p>\n<p style=\"text-align: justify;\"><span style=\"color: #0000ff;\"><strong>Un&#8217;emergenza che parte da lontano: \u00abGi\u00e0 denunciata dopo l&#8217;incendio del 2024\u00bb<\/strong><\/span><\/p>\n<p style=\"text-align: justify;\">\u00abQuello che sta accadendo in queste ore non \u00e8 un fulmine a ciel sereno. Vogliamo ricordare all&#8217;opinione pubblica che la nostra attenzione sulla sicurezza del CCR \u00e8 altissima da tempo. <strong>Gi\u00e0 a giugno 2024, a seguito del vasto e preoccupante incendio che ha colpito l&#8217;area della struttura, avevamo depositato un\u2019interrogazione consiliare urgente.<\/strong> In quell&#8217;atto chiedevamo risposte precise sui sistemi di videosorveglianza, sui dispositivi antincendio e sui rischi derivanti dallo stoccaggio non corretto di materassi, rifiuti vegetali e ingombranti\u00bb.<\/p>\n<p style=\"text-align: justify;\">\u00abOggi ci troviamo a documentare lo stesso identico scenario: accumuli incontrollati di quegli stessi materiali che in passato hanno gi\u00e0 alimentato roghi e nubi tossiche pericolose per la salute della cittadinanza. \u00c8 evidente che nulla \u00e8 stato risolto in modo strutturale\u00bb. \u00abSe si chiede il buon esempio, bisogna darlo per primi\u00bb<\/p>\n<p style=\"text-align: justify;\">Mandar\u00e0 e Riva condividono il richiamo del Presidente Agnello sul valore del CCR come &#8220;biglietto da visita&#8221; del Comune: \u00ab\u00c8 una questione di coerenza e di rispetto. Non si pu\u00f2 fare la voce grossa sulle spiagge, esigendo giustamente il massimo senso civico, se poi l&#8217;istituzione stessa fallisce nel far rispettare le regole dentro casa propria. Chi paga le tasse ha il diritto sacrosanto di trovare una struttura ordinata e sicura, non un potenziale pericolo pubblico\u00bb. La presenza della Polizia Municipale sul posto per i rilievi fotografici \u00e8 la conferma definitiva che quanto denunciato non \u00e8 una mera speculazione, ma un&#8217;emergenza reale.<\/p>\n<p style=\"text-align: justify;\"><strong><span style=\"color: #0000ff;\">L&#8217;appello conclusivo<\/span><\/strong><\/p>\n<div class=\"n6owBd awi2gc\" style=\"text-align: justify;\" data-sfc-cp=\"\" data-sfc-root=\"ep\" data-hveid=\"CAAIFxAA\" data-complete=\"true\" data-processed=\"true\" data-copy-service-computed-style=\"font-family: &quot;Google Sans&quot;, Arial, sans-serif; font-size: 16px; font-weight: 400; margin: 12px 0px 16px; text-decoration: none; border-bottom: 0px rgb(10, 10, 10);\">\u00abLa responsabilit\u00e0 amministrativa non pu\u00f2 essere un concetto elastico da usare solo per prendersi i meriti. Chi governa oggi la citt\u00e0 ha il dovere di far funzionare i servizi e di richiamare con fermezza i privati ai propri doveri se si riscontrano inefficienze nella gestione. Vogliamo che sia fatta piena chiarezza sui rilievi della Municipale e pretendiamo di sapere quali misure definitive l&#8217;Amministrazione intenda adottare affinch\u00e9 simili scenari non si ripetano mai pi\u00f9\u00bb. <!--TgQPHd|||[]-->\u00abIl tempo delle giustificazioni e dei rimpalli di responsabilit\u00e0 \u00e8 scaduto. Auspichiamo che il Sindaco e l&#8217;Assessore all&#8217;Ambiente escano dall&#8217;immobilismo e rispondano, una volta per tutte, sia ai rilievi odierni che ai quesiti che attendono risposta da anni\u00bb.<\/div>\n<div data-sfc-cp=\"\" data-sfc-root=\"ep\" data-hveid=\"CAAIFxAA\" data-complete=\"true\" data-processed=\"true\" data-copy-service-computed-style=\"font-family: &quot;Google Sans&quot;, Arial, sans-serif; font-size: 16px; font-weight: 400; margin: 12px 0px 16px; text-decoration: none; border-bottom: 0px rgb(10, 10, 10);\"><\/div>\n<p><strong>I consiglieri comunali<\/strong><br \/>\n<strong>Piero Mandar\u00e0<\/strong><br \/>\n<strong>Gaetano Riva<\/strong><br \/>\n<em>(Gruppo Consiliare &#8220;Insieme per Santa Croce&#8221;)<\/em><\/p>\n","protected":false},"excerpt":{"rendered":"<p>Riceviamo e pubblichiamo la nota congiunta dei consiglieri comunali Piero Mandar\u00e0 e Gaetano Riva, rappresentanti del gruppo consiliare &#8220;Insieme per Santa Croce&#8221;. \u00abLe dichiarazioni del Presidente del Consiglio comunale, Luca Agnello, squarciano finalmente il velo di silenzio su una situazione che non era pi\u00f9 possibile nascondere. Come gruppo consiliare &#8220;Insieme per Santa Croce&#8221;, appoggiamo con [&hellip;]<\/p>\n","protected":false},"author":34,"featured_media":86029,"comment_status":"closed","ping_status":"open","sticky":false,"template":"","format":"standard","meta":{"footnotes":""},"categories":[4],"tags":[],"class_list":["post-87509","post","type-post","status-publish","format-standard","has-post-thumbnail","hentry","category-politica"],"_links":{"self":[{"href":"https:\/\/www.santacroceweb.com\/index.php\/wp-json\/wp\/v2\/posts\/87509","targetHints":{"allow":["GET"]}}],"collection":[{"href":"https:\/\/www.santacroceweb.com\/index.php\/wp-json\/wp\/v2\/posts"}],"about":[{"href":"https:\/\/www.santacroceweb.com\/index.php\/wp-json\/wp\/v2\/types\/post"}],"author":[{"embeddable":true,"href":"https:\/\/www.santacroceweb.com\/index.php\/wp-json\/wp\/v2\/users\/34"}],"replies":[{"embeddable":true,"href":"https:\/\/www.santacroceweb.com\/index.php\/wp-json\/wp\/v2\/comments?post=87509"}],"version-history":[{"count":1,"href":"https:\/\/www.santacroceweb.com\/index.php\/wp-json\/wp\/v2\/posts\/87509\/revisions"}],"predecessor-version":[{"id":87510,"href":"https:\/\/www.santacroceweb.com\/index.php\/wp-json\/wp\/v2\/posts\/87509\/revisions\/87510"}],"wp:featuredmedia":[{"embeddable":true,"href":"https:\/\/www.santacroceweb.com\/index.php\/wp-json\/wp\/v2\/media\/86029"}],"wp:attachment":[{"href":"https:\/\/www.santacroceweb.com\/index.php\/wp-json\/wp\/v2\/media?parent=87509"}],"wp:term":[{"taxonomy":"category","embeddable":true,"href":"https:\/\/www.santacroceweb.com\/index.php\/wp-json\/wp\/v2\/categories?post=87509"},{"taxonomy":"post_tag","embeddable":true,"href":"https:\/\/www.santacroceweb.com\/index.php\/wp-json\/wp\/v2\/tags?post=87509"}],"curies":[{"name":"wp","href":"https:\/\/api.w.org\/{rel}","templated":true}]}}