{"id":87511,"date":"2026-09-05T09:19:54","date_gmt":"2026-09-05T07:19:54","guid":{"rendered":"https:\/\/www.santacroceweb.com\/?p=87511"},"modified":"2026-09-05T09:19:54","modified_gmt":"2026-09-05T07:19:54","slug":"la-vigor-santa-croce-scalda-i-motori-ecco-la-nuova-stagione-nel-segno-dei-giovani","status":"publish","type":"post","link":"https:\/\/www.santacroceweb.com\/index.php\/2026\/09\/05\/la-vigor-santa-croce-scalda-i-motori-ecco-la-nuova-stagione-nel-segno-dei-giovani\/","title":{"rendered":"La Vigor Santa Croce scalda i motori: ecco la nuova stagione nel segno dei giovani"},"content":{"rendered":"<p style=\"text-align: justify;\">Luci riaccese sul parquet e pallone che torna a spiccare il volo. L\u2019<strong>Associazione Dilettantistica Polisportiva Vigor<\/strong> \u00e8 pronta a ripartire, inaugurando ufficialmente la nuova stagione sportiva 2026\/2027. Una ripartenza che porta con s\u00e9 l\u2019entusiasmo di sempre e la firma della presidente <strong>Patrizia Scillieri<\/strong> e del coach <strong>Giancarlo Di Stefano<\/strong>.<\/p>\n<p style=\"text-align: justify;\">Il cuore pulsante del progetto Vigor rimarr\u00e0, ancora una volta, il settore giovanile. Una vera e propria istituzione locale che da ben 26 anni garantisce continuit\u00e0, successi e una crescita costante a tutto il movimento cestistico del territorio.<\/p>\n<p style=\"text-align: justify;\"><strong>La linea verde: fiducia totale agli Under 17<\/strong><\/p>\n<p style=\"text-align: justify;\">Per questo nuovo anno scolastico e sportivo, la societ\u00e0 ha fatto una scelta di campo precisa e coraggiosa: puntare tutto sul proprio vivaio. Il nucleo centrale della squadra sar\u00e0 infatti composto interamente dal gruppo <strong>Under 17<\/strong>, ovvero dai ragazzi nati negli anni 2009, 2010, 2011 e 2012. A questo giovanissimo roster sar\u00e0 affidata una responsabilit\u00e0 importante: riportare il nome della Vigor sui gradini pi\u00f9 alti della pallacanestro locale, all\u2019interno di un progetto a lungo termine decisamente ambizioso.<\/p>\n<p style=\"text-align: justify;\"><strong>Un doppio impegno per crescere: le sfide in DR2<\/strong><\/p>\n<p style=\"text-align: justify;\">Per questi ragazzi non ci sar\u00e0 solo il classico campionato giovanile di categoria. Per accelerare la loro crescita e temprare il loro talento, la dirigenza ha deciso di lanciarli anche nel massimo palcoscenico regionale senior, il campionato di <strong>Divisione Regionale 2 (DR2)<\/strong>. Una doppia sfida stimolante dove i giovani atleti santacrocesi potranno misurarsi con giocatori pi\u00f9 esperti, accumulando minuti e bagaglio tecnico.<\/p>\n<p style=\"text-align: justify;\"><strong>Una comunit\u00e0 che spinge la squadra<\/strong><\/p>\n<p style=\"text-align: justify;\">Il successo di un progetto cos\u00ec verde, per\u00f2, non si costruisce solo sul campo. La societ\u00e0 ci tiene a stringersi attorno a tutte le componenti che rendono possibile questa bellissima realt\u00e0 sportiva:<\/p>\n<ul style=\"text-align: justify;\">\n<li><strong>Le famiglie:<\/strong> da sempre il primo, fondamentale pilastro di sostegno per i giovani atleti.<\/li>\n<li><strong>La dirigenza e lo staff:<\/strong> pronti a lavorare dietro le quinte per non far mancare nulla ai ragazzi.<\/li>\n<li><strong>Il tessuto economico locale:<\/strong> un ringraziamento speciale va a tutte le attivit\u00e0 commerciali e agli sponsor che sceglieranno di affiancare il proprio marchio alla pallacanestro santacrocese, investendo sul futuro dei giovani del territorio.<\/li>\n<\/ul>\n<p style=\"text-align: justify;\">La Vigor Santa Croce \u00e8 pronta a scrivere una nuova pagina della sua storia. La palla a due sta per essere alzata: l&#8217;appuntamento \u00e8 al palazzetto per tifare i ragazzi della nostra citt\u00e0!<\/p>\n","protected":false},"excerpt":{"rendered":"<p>Luci riaccese sul parquet e pallone che torna a spiccare il volo. L\u2019Associazione Dilettantistica Polisportiva Vigor \u00e8 pronta a ripartire, inaugurando ufficialmente la nuova stagione sportiva 2026\/2027. Una ripartenza che porta con s\u00e9 l\u2019entusiasmo di sempre e la firma della presidente Patrizia Scillieri e del coach Giancarlo Di Stefano. Il cuore pulsante del progetto Vigor [&hellip;]<\/p>\n","protected":false},"author":34,"featured_media":87512,"comment_status":"closed","ping_status":"open","sticky":false,"template":"","format":"standard","meta":{"footnotes":""},"categories":[3],"tags":[],"class_list":["post-87511","post","type-post","status-publish","format-standard","has-post-thumbnail","hentry","category-sport"],"_links":{"self":[{"href":"https:\/\/www.santacroceweb.com\/index.php\/wp-json\/wp\/v2\/posts\/87511","targetHints":{"allow":["GET"]}}],"collection":[{"href":"https:\/\/www.santacroceweb.com\/index.php\/wp-json\/wp\/v2\/posts"}],"about":[{"href":"https:\/\/www.santacroceweb.com\/index.php\/wp-json\/wp\/v2\/types\/post"}],"author":[{"embeddable":true,"href":"https:\/\/www.santacroceweb.com\/index.php\/wp-json\/wp\/v2\/users\/34"}],"replies":[{"embeddable":true,"href":"https:\/\/www.santacroceweb.com\/index.php\/wp-json\/wp\/v2\/comments?post=87511"}],"version-history":[{"count":1,"href":"https:\/\/www.santacroceweb.com\/index.php\/wp-json\/wp\/v2\/posts\/87511\/revisions"}],"predecessor-version":[{"id":87513,"href":"https:\/\/www.santacroceweb.com\/index.php\/wp-json\/wp\/v2\/posts\/87511\/revisions\/87513"}],"wp:featuredmedia":[{"embeddable":true,"href":"https:\/\/www.santacroceweb.com\/index.php\/wp-json\/wp\/v2\/media\/87512"}],"wp:attachment":[{"href":"https:\/\/www.santacroceweb.com\/index.php\/wp-json\/wp\/v2\/media?parent=87511"}],"wp:term":[{"taxonomy":"category","embeddable":true,"href":"https:\/\/www.santacroceweb.com\/index.php\/wp-json\/wp\/v2\/categories?post=87511"},{"taxonomy":"post_tag","embeddable":true,"href":"https:\/\/www.santacroceweb.com\/index.php\/wp-json\/wp\/v2\/tags?post=87511"}],"curies":[{"name":"wp","href":"https:\/\/api.w.org\/{rel}","templated":true}]}}